{"id":490364,"date":"2017-07-26T10:04:14","date_gmt":"2017-07-26T15:04:14","guid":{"rendered":"https:\/\/www.futboltotal.com.mx\/?p=490364"},"modified":"2017-07-26T10:04:14","modified_gmt":"2017-07-26T15:04:14","slug":"benfica-acelera-llegada-raul-jimenez-a-la-premier-league","status":"publish","type":"post","link":"http:\/\/desarrollo.grupomedios.com\/futbol\/futbol-internacional\/benfica-acelera-llegada-raul-jimenez-a-la-premier-league\/2017\/07","title":{"rendered":"Benfica acelera llegada de Ra\u00fal Jim\u00e9nez a la Premier League"},"content":{"rendered":"<p><strong>Ra\u00fal Jim\u00e9nez<\/strong> tendr\u00eda los d\u00edas contados en el <strong>Benfica<\/strong>, pues la directiva est\u00e1 buscando darle salida al delantero.<\/p>\n<p>De acuerdo al <em>diario Record<\/em> de Portugal,\u00a0L<strong>u\u00eds Filipe Vieira<\/strong>, presidente del club, estar\u00eda en Inglaterra intentado acelerar las negociaciones por el delantero azteca; Jim\u00e9nez est\u00e1 en la \u00f3rbita del <strong>West Ham<\/strong> y <strong>Everton<\/strong>.<\/p>\n<p style=\"text-align: center;\"><span style=\"color: #333399;\"><a style=\"color: #333399;\" href=\"https:\/\/www.futboltotal.com.mx\/2017\/07\/diego-simeone-lleno-elogios-a-rubens-sambueza\/\" target=\"_blank\" rel=\"noopener noreferrer\">VER M\u00c1S: Cholo Simeone elogia a Rubens Sambueza<\/a><\/span><\/p>\n<p>La publicaci\u00f3n indica que Jim\u00e9nez tambi\u00e9n estar\u00eda dispuesto a salir, pues ve complicado hacerse con la titularidad ya que<strong> Jonas, Mitroglu<\/strong> y ahora <strong>Seferovic<\/strong>, le llevar\u00edan la delantera por la posici\u00f3n. Adem\u00e1s, el delantero mexicano quiere llegar a punto para el Mundial de Rusia 2018.<\/p>\n<p style=\"text-align: center;\"><span style=\"color: #333399;\"><a style=\"color: #333399;\" href=\"https:\/\/www.futboltotal.com.mx\/2017\/07\/james-bayern-grande-madrid-incluso\/\" target=\"_blank\" rel=\"noopener noreferrer\">VER M\u00c1S: James dice que Bayern Munich es m\u00e1s grande que el Real Madrid<\/a><\/span><\/p>\n<p><a href=\"https:\/\/www.futboltotal.com.mx\/wp-content\/uploads\/2017\/07\/record-jimenez.jpg\"><img decoding=\"async\" loading=\"lazy\" class=\"alignnone size-full wp-image-490371\" src=\"https:\/\/www.futboltotal.com.mx\/wp-content\/uploads\/2017\/07\/record-jimenez.jpg\" alt=\"Benfica acelera llegada de Ra\u00fal Jim\u00e9nez a la Premier League 0\" srcset=\"http:\/\/desarrollo.grupomedios.com\/futbol\/wp-content\/uploads\/2017\/07\/record-jimenez.jpg 884w, http:\/\/desarrollo.grupomedios.com\/futbol\/wp-content\/uploads\/2017\/07\/record-jimenez-300x278.jpg 300w, http:\/\/desarrollo.grupomedios.com\/futbol\/wp-content\/uploads\/2017\/07\/record-jimenez-768x712.jpg 768w\" sizes=\"(max-width: 884px) 100vw, 884px\" \/><\/a><\/p>\n","protected":false},"excerpt":{"rendered":"<p>El delantero mexicano busca regularidad de cara al Mundial de Rusia 2018<\/p>\n","protected":false},"author":20,"featured_media":449580,"comment_status":"closed","ping_status":"closed","sticky":false,"template":"","format":"standard","meta":[],"categories":[7740,3839],"tags":[6060,219,334,742,1743],"_links":{"self":[{"href":"http:\/\/desarrollo.grupomedios.com\/futbol\/wp-json\/wp\/v2\/posts\/490364"}],"collection":[{"href":"http:\/\/desarrollo.grupomedios.com\/futbol\/wp-json\/wp\/v2\/posts"}],"about":[{"href":"http:\/\/desarrollo.grupomedios.com\/futbol\/wp-json\/wp\/v2\/types\/post"}],"author":[{"embeddable":true,"href":"http:\/\/desarrollo.grupomedios.com\/futbol\/wp-json\/wp\/v2\/users\/20"}],"replies":[{"embeddable":true,"href":"http:\/\/desarrollo.grupomedios.com\/futbol\/wp-json\/wp\/v2\/comments?post=490364"}],"version-history":[{"count":1,"href":"http:\/\/desarrollo.grupomedios.com\/futbol\/wp-json\/wp\/v2\/posts\/490364\/revisions"}],"predecessor-version":[{"id":490372,"href":"http:\/\/desarrollo.grupomedios.com\/futbol\/wp-json\/wp\/v2\/posts\/490364\/revisions\/490372"}],"wp:featuredmedia":[{"embeddable":true,"href":"http:\/\/desarrollo.grupomedios.com\/futbol\/wp-json\/wp\/v2\/media\/449580"}],"wp:attachment":[{"href":"http:\/\/desarrollo.grupomedios.com\/futbol\/wp-json\/wp\/v2\/media?parent=490364"}],"wp:term":[{"taxonomy":"category","embeddable":true,"href":"http:\/\/desarrollo.grupomedios.com\/futbol\/wp-json\/wp\/v2\/categories?post=490364"},{"taxonomy":"post_tag","embeddable":true,"href":"http:\/\/desarrollo.grupomedios.com\/futbol\/wp-json\/wp\/v2\/tags?post=490364"}],"curies":[{"name":"wp","href":"https:\/\/api.w.org\/{rel}","templated":true}]}}