{"id":490373,"date":"2017-07-26T10:47:26","date_gmt":"2017-07-26T15:47:26","guid":{"rendered":"https:\/\/www.futboltotal.com.mx\/?p=490373"},"modified":"2017-07-26T10:47:26","modified_gmt":"2017-07-26T15:47:26","slug":"diego-simeone-le-cierra-las-puertas-a-la-liga-mx","status":"publish","type":"post","link":"http:\/\/desarrollo.grupomedios.com\/futbol\/futbol-mexicano\/diego-simeone-le-cierra-las-puertas-a-la-liga-mx\/2017\/07","title":{"rendered":"Diego Simeone no le cierra las puertas a la Liga MX"},"content":{"rendered":"<p>EL estratega del <strong>Atl\u00e9tico de Madrid<\/strong>, <strong>Diego Simeone<\/strong>, no descart\u00f3 dirigir en la <strong>Liga MX<\/strong>; aunque tiene contrato hasta junio 2018.<\/p>\n<blockquote><p>&#8220;Nunca cierro las puertas de ning\u00fan lugar de trabajo\u00a0y el futbol no solo es en Europa. Estamos abiertos a dirigir&#8221;, expres\u00f3 el &#8216;Cholo&#8217; despu\u00e9s del juego ante Toluca.<\/p><\/blockquote>\n<p style=\"text-align: center;\"><span style=\"color: #333399;\"><a style=\"color: #333399;\" href=\"https:\/\/www.futboltotal.com.mx\/2017\/07\/galaxy-consigue-a-jonathan-dos-santos-se-unira-a-giovani\/\" target=\"_blank\" rel=\"noopener noreferrer\">VER M\u00c1S: Jonathan Dos Santos se unir\u00eda a su hermano Giovani en el Galaxy<\/a><\/span><\/p>\n<p>Adem\u00e1s, destac\u00f3 el ambiente que se vive en los estadios mexicanos:<\/p>\n<p>&#8220;Los aficionados est\u00e1n muy entusiasmados, participan todo el tiempo y apoyan a su equipo.\u00a0Eso queremos los t\u00e9cnicos y la gente estuvo&#8221;, concluy\u00f3.<\/p>\n<p style=\"text-align: center;\"><span style=\"color: #333399;\"><a style=\"color: #333399;\" href=\"https:\/\/www.futboltotal.com.mx\/2017\/07\/chicharito-ya-version-despacito-al-estilo-west-ham\/\" target=\"_blank\" rel=\"noopener noreferrer\">VER M\u00c1S: Chicharito tiene su versi\u00f3n de &#8216;Despacito&#8217; en el West Ham<\/a><\/span><\/p>\n","protected":false},"excerpt":{"rendered":"<p>El estratega del Atl\u00e9tico destac\u00f3 a la afici\u00f3n mexicana y sus estadios.<\/p>\n","protected":false},"author":20,"featured_media":479999,"comment_status":"closed","ping_status":"closed","sticky":false,"template":"","format":"standard","meta":[],"categories":[2198,3845],"tags":[6007,1384,64],"_links":{"self":[{"href":"http:\/\/desarrollo.grupomedios.com\/futbol\/wp-json\/wp\/v2\/posts\/490373"}],"collection":[{"href":"http:\/\/desarrollo.grupomedios.com\/futbol\/wp-json\/wp\/v2\/posts"}],"about":[{"href":"http:\/\/desarrollo.grupomedios.com\/futbol\/wp-json\/wp\/v2\/types\/post"}],"author":[{"embeddable":true,"href":"http:\/\/desarrollo.grupomedios.com\/futbol\/wp-json\/wp\/v2\/users\/20"}],"replies":[{"embeddable":true,"href":"http:\/\/desarrollo.grupomedios.com\/futbol\/wp-json\/wp\/v2\/comments?post=490373"}],"version-history":[{"count":1,"href":"http:\/\/desarrollo.grupomedios.com\/futbol\/wp-json\/wp\/v2\/posts\/490373\/revisions"}],"predecessor-version":[{"id":490374,"href":"http:\/\/desarrollo.grupomedios.com\/futbol\/wp-json\/wp\/v2\/posts\/490373\/revisions\/490374"}],"wp:featuredmedia":[{"embeddable":true,"href":"http:\/\/desarrollo.grupomedios.com\/futbol\/wp-json\/wp\/v2\/media\/479999"}],"wp:attachment":[{"href":"http:\/\/desarrollo.grupomedios.com\/futbol\/wp-json\/wp\/v2\/media?parent=490373"}],"wp:term":[{"taxonomy":"category","embeddable":true,"href":"http:\/\/desarrollo.grupomedios.com\/futbol\/wp-json\/wp\/v2\/categories?post=490373"},{"taxonomy":"post_tag","embeddable":true,"href":"http:\/\/desarrollo.grupomedios.com\/futbol\/wp-json\/wp\/v2\/tags?post=490373"}],"curies":[{"name":"wp","href":"https:\/\/api.w.org\/{rel}","templated":true}]}}