{"id":490375,"date":"2017-07-26T11:05:43","date_gmt":"2017-07-26T16:05:43","guid":{"rendered":"https:\/\/www.futboltotal.com.mx\/?p=490375"},"modified":"2017-07-26T11:05:43","modified_gmt":"2017-07-26T16:05:43","slug":"sinha-se-dijo-agradecido-lo-ha-vivido-toluca","status":"publish","type":"post","link":"http:\/\/desarrollo.grupomedios.com\/futbol\/futbol-mexicano\/sinha-se-dijo-agradecido-lo-ha-vivido-toluca\/2017\/07","title":{"rendered":"Sinha se dijo agradecido por todo lo que ha vivido con Toluca"},"content":{"rendered":"<p>Durante el partido que disputaron el <span style=\"color: #3366ff;\"><a style=\"color: #3366ff;\" href=\"https:\/\/www.futboltotal.com.mx\/2017\/07\/resultado-toluca-0-0-atletico-partido-centenario\/\" target=\"_blank\" rel=\"noopener noreferrer\">Toluca y Atl\u00e9tico de Madrid con motivo del Centenario<\/a><\/span>, los <em>Diablos Rojos<\/em> invitaron a <strong>Antonio Naelson Sinha<\/strong> y el ex jugador choricero recibi\u00f3 un peque\u00f1o homenaje por parte de toda la afici\u00f3n.<\/p>\n<p>Su ingreso se dio en el segundo tiempo y sali\u00f3 al minuto 63, siendo ovacionado por todos los asistentes al Estadio Nemesio Diez, donde los asistentes se pusieron de pie para festejar a <strong>Sinha<\/strong>.<\/p>\n<p style=\"text-align: center;\"><span style=\"color: #3366ff;\"><a style=\"color: #3366ff;\" href=\"https:\/\/www.futboltotal.com.mx\/2017\/07\/diego-simeone-le-cierra-las-puertas-a-la-liga-mx\/\">VER M\u00c1S: Diego Simeone no le cierra las puertas a la Liga MX<\/a><\/span><\/p>\n<p>https:\/\/twitter.com\/eluckie_\/status\/890039918453559296<\/p>\n<p>Al final del partido, el brasile\u00f1o naturalizado mexicano aprovech\u00f3 destacar lo que es jugar ante el <strong>Atl\u00e9tico de Madrid<\/strong> ya que &#8220;son equipos que marcan pauta en Europa y obviamente que siempre es agradable ser contemplados&#8221;.<\/p>\n<p><strong>Sinha<\/strong> agradeci\u00f3 a <strong>Toluca<\/strong> por toda su carrera y se dijo orgulloso por haber participado, pues considera que &#8220;dif\u00edcilmente cualquier jugador tiene la oportunidad de disfrutar lo que disfrut\u00e9 hoy y por eso mi m\u00e1s grande agradecimiento al club por permitirme estar dentro del campo de juego y con un equipo como el Atl\u00e9tico&#8221;.<\/p>\n<p style=\"text-align: center;\"><span style=\"color: #3366ff;\"><a style=\"color: #3366ff;\" href=\"https:\/\/www.futboltotal.com.mx\/2017\/07\/diego-simeone-lleno-elogios-a-rubens-sambueza\/\">VER M\u00c1S: Diego Simeone llen\u00f3 de elogios a Rubens Sambueza<\/a><\/span><\/p>\n<p>Respecto a lo que fue el partido entre los <em>Diablos<\/em> y <em>Colchoneros<\/em>, lament\u00f3 que no los aficionados no hayan podido celebrar alg\u00fan gol.<\/p>\n<p>&#8220;Ante el Atl\u00e9tico era un partido de fiesta y cuando hay goles se disfruta mejor, l\u00e1stima que no cayeron&#8221;, explic\u00f3 en la zona mixta del encuentro.<\/p>\n<blockquote class=\"twitter-tweet\" data-width=\"500\">\n<p lang=\"es\" dir=\"ltr\">Sinha jug\u00f3 su \u00faltimo partido portando la camiseta del Toluca y lo hizo ante el Atl\u00e9tico de Madrid <a href=\"https:\/\/twitter.com\/hashtag\/PartidoCentenario?src=hash\">#PartidoCentenario<\/a> <a href=\"https:\/\/twitter.com\/hashtag\/DiablosTwitteros?src=hash\">#DiablosTwitteros<\/a> <a href=\"https:\/\/t.co\/Vj0U9keAL6\">pic.twitter.com\/Vj0U9keAL6<\/a><\/p>\n<p>&mdash; Futbol Total (@MXFutbolTotal) <a href=\"https:\/\/twitter.com\/MXFutbolTotal\/status\/890059876956856321\">July 26, 2017<\/a><\/p><\/blockquote>\n<p><script async src=\"\/\/platform.twitter.com\/widgets.js\" charset=\"utf-8\"><\/script><\/p>\n","protected":false},"excerpt":{"rendered":"<p>Sinha fue ovacionado por la afici\u00f3n choricera.<\/p>\n","protected":false},"author":20,"featured_media":490377,"comment_status":"closed","ping_status":"closed","sticky":false,"template":"","format":"standard","meta":[],"categories":[2198,3845],"tags":[64,278,5975],"_links":{"self":[{"href":"http:\/\/desarrollo.grupomedios.com\/futbol\/wp-json\/wp\/v2\/posts\/490375"}],"collection":[{"href":"http:\/\/desarrollo.grupomedios.com\/futbol\/wp-json\/wp\/v2\/posts"}],"about":[{"href":"http:\/\/desarrollo.grupomedios.com\/futbol\/wp-json\/wp\/v2\/types\/post"}],"author":[{"embeddable":true,"href":"http:\/\/desarrollo.grupomedios.com\/futbol\/wp-json\/wp\/v2\/users\/20"}],"replies":[{"embeddable":true,"href":"http:\/\/desarrollo.grupomedios.com\/futbol\/wp-json\/wp\/v2\/comments?post=490375"}],"version-history":[{"count":1,"href":"http:\/\/desarrollo.grupomedios.com\/futbol\/wp-json\/wp\/v2\/posts\/490375\/revisions"}],"predecessor-version":[{"id":490378,"href":"http:\/\/desarrollo.grupomedios.com\/futbol\/wp-json\/wp\/v2\/posts\/490375\/revisions\/490378"}],"wp:featuredmedia":[{"embeddable":true,"href":"http:\/\/desarrollo.grupomedios.com\/futbol\/wp-json\/wp\/v2\/media\/490377"}],"wp:attachment":[{"href":"http:\/\/desarrollo.grupomedios.com\/futbol\/wp-json\/wp\/v2\/media?parent=490375"}],"wp:term":[{"taxonomy":"category","embeddable":true,"href":"http:\/\/desarrollo.grupomedios.com\/futbol\/wp-json\/wp\/v2\/categories?post=490375"},{"taxonomy":"post_tag","embeddable":true,"href":"http:\/\/desarrollo.grupomedios.com\/futbol\/wp-json\/wp\/v2\/tags?post=490375"}],"curies":[{"name":"wp","href":"https:\/\/api.w.org\/{rel}","templated":true}]}}