{"id":490387,"date":"2017-07-26T11:48:00","date_gmt":"2017-07-26T16:48:00","guid":{"rendered":"https:\/\/www.futboltotal.com.mx\/?p=490387"},"modified":"2017-07-26T11:48:00","modified_gmt":"2017-07-26T16:48:00","slug":"eduardo-vargas-quiere-jugar-pinilla-en-la-u-chile","status":"publish","type":"post","link":"http:\/\/desarrollo.grupomedios.com\/futbol\/futbol-mexicano\/eduardo-vargas-quiere-jugar-pinilla-en-la-u-chile\/2017\/07","title":{"rendered":"Eduardo Vargas quiere jugar con Pinilla en la U de Chile"},"content":{"rendered":"<p>El delantero andino, <strong>Mauricio Pinilla<\/strong> fue presentado con la <strong>Universidad de Chile<\/strong> y <strong>Eduardo Vargas<\/strong> sorprendi\u00f3 con el comentario que hizo al respecto.<\/p>\n<p><strong>Pinilla<\/strong> transmiti\u00f3 su conferencia de prensa a trav\u00e9s de Instagram y el delantero de <strong>Tigres<\/strong> realiz\u00f3 un comentario en el que dej\u00f3 ver que le gustar\u00eda hacer dupla con <strong>Mauricio<\/strong> en el conjunto chileno.<\/p>\n<p style=\"text-align: center;\"><span style=\"color: #333399;\"><a style=\"color: #333399;\" href=\"https:\/\/www.futboltotal.com.mx\/2017\/07\/giran-nueva-orden-aprehension-en-contra-cuauhtemoc-blanco\/\" target=\"_blank\" rel=\"noopener noreferrer\">VER M\u00c1S: Hay nueva orden de aprehensi\u00f3n contra Cuauht\u00e9moc Blanco<\/a><\/span><\/p>\n<p><strong>\u201cTeni (sic) que aguantar hasta que vuelva yo vejete\u201d<\/strong>, expres\u00f3\u00a0<strong>Vargas<\/strong> como comentario al nuevo delantero de la <strong>U de Chile<\/strong>.<\/p>\n<p>El delantero de <strong>Tigres<\/strong> jug\u00f3 en la <strong>U de Chile<\/strong> entre el 2010 y 2011 y anot\u00f3 33 goles para este conjunto.<\/p>\n<p style=\"text-align: left;\">\n<a href=\"https:\/\/www.futboltotal.com.mx\/wp-content\/uploads\/2017\/07\/edu-pinilla.jpg\"><img decoding=\"async\" loading=\"lazy\" class=\"alignnone size-full wp-image-490388\" src=\"https:\/\/www.futboltotal.com.mx\/wp-content\/uploads\/2017\/07\/edu-pinilla.jpg\" alt=\"Eduardo Vargas quiere jugar con Pinilla en la U de Chile 0\" srcset=\"http:\/\/desarrollo.grupomedios.com\/futbol\/wp-content\/uploads\/2017\/07\/edu-pinilla.jpg 464w, http:\/\/desarrollo.grupomedios.com\/futbol\/wp-content\/uploads\/2017\/07\/edu-pinilla-300x169.jpg 300w, http:\/\/desarrollo.grupomedios.com\/futbol\/wp-content\/uploads\/2017\/07\/edu-pinilla-317x178.jpg 317w, http:\/\/desarrollo.grupomedios.com\/futbol\/wp-content\/uploads\/2017\/07\/edu-pinilla-374x210.jpg 374w\" sizes=\"(max-width: 464px) 100vw, 464px\" \/><\/a><\/p>\n<p style=\"text-align: center;\"><span style=\"color: #333399;\"><a style=\"color: #333399;\" href=\"https:\/\/www.futboltotal.com.mx\/2017\/07\/chicharito-ya-version-despacito-al-estilo-west-ham\/\" target=\"_blank\" rel=\"noopener noreferrer\">VER M\u00c1S: La versi\u00f3n de &#8216;Despacito&#8217; con Chicharito<\/a><\/span><\/p>\n","protected":false},"excerpt":{"rendered":"<p>El delantero andino de Tigres ya vivi\u00f3 una etapa en el conjunto chileno<\/p>\n","protected":false},"author":20,"featured_media":485638,"comment_status":"closed","ping_status":"closed","sticky":false,"template":"","format":"standard","meta":[],"categories":[2198,3845],"tags":[5994,64,5973,376],"_links":{"self":[{"href":"http:\/\/desarrollo.grupomedios.com\/futbol\/wp-json\/wp\/v2\/posts\/490387"}],"collection":[{"href":"http:\/\/desarrollo.grupomedios.com\/futbol\/wp-json\/wp\/v2\/posts"}],"about":[{"href":"http:\/\/desarrollo.grupomedios.com\/futbol\/wp-json\/wp\/v2\/types\/post"}],"author":[{"embeddable":true,"href":"http:\/\/desarrollo.grupomedios.com\/futbol\/wp-json\/wp\/v2\/users\/20"}],"replies":[{"embeddable":true,"href":"http:\/\/desarrollo.grupomedios.com\/futbol\/wp-json\/wp\/v2\/comments?post=490387"}],"version-history":[{"count":1,"href":"http:\/\/desarrollo.grupomedios.com\/futbol\/wp-json\/wp\/v2\/posts\/490387\/revisions"}],"predecessor-version":[{"id":490390,"href":"http:\/\/desarrollo.grupomedios.com\/futbol\/wp-json\/wp\/v2\/posts\/490387\/revisions\/490390"}],"wp:featuredmedia":[{"embeddable":true,"href":"http:\/\/desarrollo.grupomedios.com\/futbol\/wp-json\/wp\/v2\/media\/485638"}],"wp:attachment":[{"href":"http:\/\/desarrollo.grupomedios.com\/futbol\/wp-json\/wp\/v2\/media?parent=490387"}],"wp:term":[{"taxonomy":"category","embeddable":true,"href":"http:\/\/desarrollo.grupomedios.com\/futbol\/wp-json\/wp\/v2\/categories?post=490387"},{"taxonomy":"post_tag","embeddable":true,"href":"http:\/\/desarrollo.grupomedios.com\/futbol\/wp-json\/wp\/v2\/tags?post=490387"}],"curies":[{"name":"wp","href":"https:\/\/api.w.org\/{rel}","templated":true}]}}