{"id":490402,"date":"2017-07-26T13:49:19","date_gmt":"2017-07-26T18:49:19","guid":{"rendered":"https:\/\/www.futboltotal.com.mx\/?p=490402"},"modified":"2017-07-26T13:49:19","modified_gmt":"2017-07-26T18:49:19","slug":"faitelson-rafa-puente-se-insultan-show-en-vivo","status":"publish","type":"post","link":"http:\/\/desarrollo.grupomedios.com\/futbol\/cambio-de-juego\/faitelson-rafa-puente-se-insultan-show-en-vivo\/2017\/07","title":{"rendered":"Faitelson y Rafa Puente se insultan en show en vivo"},"content":{"rendered":"<p>En las \u00faltimas semanas, los shows deportivos en <strong>M\u00e9xico<\/strong> no han dejado de tocar el tema del desempe\u00f1o\u00a0del t\u00e9cnico <strong>Juan Carlos Osorio<\/strong> al frente de la <strong>Selecci\u00f3n Mexicana<\/strong>, calentando\u00a0demasiado los \u00e1nimos de algunos periodistas y analistas, como sucedi\u00f3 con <strong>David Faitelson<\/strong> y <strong>Rafael Puente<\/strong>.<\/p>\n<p>Estos dos colaboradores de ESPN se engancharon con sus dimes y diretes en la emisi\u00f3n de Futbol Picante, en la que un amplio panel analizaba si Osorio deber\u00eda continuar al frente del <em><strong>Tri<\/strong><\/em> o no, adem\u00e1s de temas\u00a0como la postura de <strong>Javier <em>Chicharito<\/em> Hern\u00e1ndez<\/strong> y otros seleccionados que han salido en defensa del t\u00e9cnico colombiano.<\/p>\n<p style=\"text-align: center;\"><a href=\"https:\/\/www.futboltotal.com.mx\/2017\/07\/cruz-azul-presenta-oficialmente-a-alejandro-faurlin\/\" target=\"_blank\" rel=\"noopener noreferrer\"><span style=\"color: #333399;\">VER M\u00c1S: Cruz Azul present\u00f3 oficialmente a su \u00faltimo refuerzo<\/span><\/a><\/p>\n<p>Sin embargo, el <strong><em>Guama<\/em> Puente<\/strong> se desesper\u00f3 ante las interpretaciones que <strong>Faitelson<\/strong> hizo de sus palabras y no pudo evitar decirle: &#8220;No tienes ni idea de futbol. Perd\u00f3name, pero tu capacidad para an\u00e1lisis de partidos de futbol es bastante pobre&#8221;.<\/p>\n<p>Esta afirmaci\u00f3n de <strong>Puente<\/strong> tuvo respuesta inmediata por parte de <strong>Faitelson<\/strong>, quien contest\u00f3: &#8220;La tuya para hacer periodismo tambi\u00e9n es muy limitada, Rafa&#8221;. Pero <strong>Puente<\/strong> no dej\u00f3 las cosas ah\u00ed y de inmediato dej\u00f3 callado a su compa\u00f1ero. No se pueden perder el video.<\/p>\n<p style=\"text-align: center;\"><a href=\"https:\/\/www.futboltotal.com.mx\/2017\/07\/america-quiere-cambiar-horario-juego-local\/\" target=\"_blank\" rel=\"noopener noreferrer\"><span style=\"color: #333399;\">VER M\u00c1S: Am\u00e9rica est\u00e1 analizando cambiar el horario de sus partidos de local<\/span><\/a><\/p>\n<p>\u00a0<iframe loading=\"lazy\" src=\"https:\/\/www.youtube.com\/embed\/zfxpj5QaIcQ\" frameborder=\"0\" allowfullscreen=\"allowfullscreen\"><\/iframe><\/p>\n","protected":false},"excerpt":{"rendered":"<p>El trabajo de Juan Carlos Osorio en el Tri caus\u00f3 esta discusi\u00f3n.<\/p>\n","protected":false},"author":20,"featured_media":490411,"comment_status":"closed","ping_status":"closed","sticky":false,"template":"","format":"standard","meta":[],"categories":[5419],"tags":[6501,5448,8235,6196,65,9498,409],"_links":{"self":[{"href":"http:\/\/desarrollo.grupomedios.com\/futbol\/wp-json\/wp\/v2\/posts\/490402"}],"collection":[{"href":"http:\/\/desarrollo.grupomedios.com\/futbol\/wp-json\/wp\/v2\/posts"}],"about":[{"href":"http:\/\/desarrollo.grupomedios.com\/futbol\/wp-json\/wp\/v2\/types\/post"}],"author":[{"embeddable":true,"href":"http:\/\/desarrollo.grupomedios.com\/futbol\/wp-json\/wp\/v2\/users\/20"}],"replies":[{"embeddable":true,"href":"http:\/\/desarrollo.grupomedios.com\/futbol\/wp-json\/wp\/v2\/comments?post=490402"}],"version-history":[{"count":1,"href":"http:\/\/desarrollo.grupomedios.com\/futbol\/wp-json\/wp\/v2\/posts\/490402\/revisions"}],"predecessor-version":[{"id":490412,"href":"http:\/\/desarrollo.grupomedios.com\/futbol\/wp-json\/wp\/v2\/posts\/490402\/revisions\/490412"}],"wp:featuredmedia":[{"embeddable":true,"href":"http:\/\/desarrollo.grupomedios.com\/futbol\/wp-json\/wp\/v2\/media\/490411"}],"wp:attachment":[{"href":"http:\/\/desarrollo.grupomedios.com\/futbol\/wp-json\/wp\/v2\/media?parent=490402"}],"wp:term":[{"taxonomy":"category","embeddable":true,"href":"http:\/\/desarrollo.grupomedios.com\/futbol\/wp-json\/wp\/v2\/categories?post=490402"},{"taxonomy":"post_tag","embeddable":true,"href":"http:\/\/desarrollo.grupomedios.com\/futbol\/wp-json\/wp\/v2\/tags?post=490402"}],"curies":[{"name":"wp","href":"https:\/\/api.w.org\/{rel}","templated":true}]}}