{"id":490420,"date":"2017-07-26T16:13:57","date_gmt":"2017-07-26T21:13:57","guid":{"rendered":"https:\/\/www.futboltotal.com.mx\/?p=490420"},"modified":"2017-07-26T16:13:57","modified_gmt":"2017-07-26T21:13:57","slug":"liga-mx-desmiente-discriminacion-en-liga-femenil","status":"publish","type":"post","link":"http:\/\/desarrollo.grupomedios.com\/futbol\/destacado-home\/liga-mx-desmiente-discriminacion-en-liga-femenil\/2017\/07","title":{"rendered":"Liga MX desmiente actos de discriminaci\u00f3n en Liga Femenil"},"content":{"rendered":"<p>La <strong>Liga Femenil<\/strong> iniciar\u00e1 este viernes, y un sinf\u00edn de comentarios se han suscitado. Uno de los m\u00e1s importantes es que en los contratos que tienen las chicas que participar\u00e1n en el torneo tendr\u00edan indicaciones firmadas de que no podr\u00edan ni embarazarse ni se\u00f1alar su preferencia sexual.<\/p>\n<p>Con motivo de esto, la <strong>Liga Mx<\/strong> public\u00f3 un comunicado en el cual se\u00f1al\u00f3 que\u00a0&#8220;en ning\u00fan art\u00edculo del Estatuto Social de la Federaci\u00f3n Mexicana de Futbol Asociaci\u00f3n, A.C., o Reglamento de Competencia de la LIGA MX Femenil o de las otras Divisiones Profesionales, existen disposiciones que limiten por preferencia sexual, religi\u00f3n u otra circunstancia discriminatoria el derecho a formar parte de las competiciones que esta Instituci\u00f3n organiza&#8221;.<\/p>\n<p style=\"text-align: center;\"><span style=\"color: #333399;\"><a style=\"color: #333399;\" href=\"https:\/\/www.futboltotal.com.mx\/2017\/07\/america-tenia-acuerdo-jonathan-dos-santos-prefirio-la-mls\/\" target=\"_blank\" rel=\"noopener noreferrer\">VER M\u00c1S: Am\u00e9rica ten\u00eda acuerdo con Jonathan Dos Santos, pero prefiri\u00f3 la MLS<\/a><\/span><\/p>\n<p>Adem\u00e1s, la Liga Mx agreg\u00f3 que tampoco existe ning\u00fan art\u00edculo donde se vaya a perjudicar a las chicas que se embaracen durante el torneo.<\/p>\n<p>La Liga Femenil vivir\u00e1 su primer torneo y las chicas contar\u00e1n con los mismos beneficios que los jugadores que militan en la Liga Mx.<\/p>\n<p style=\"text-align: center;\"><span style=\"color: #333399;\"><a style=\"color: #333399;\" href=\"https:\/\/www.futboltotal.com.mx\/2017\/07\/cruz-azul-presenta-oficialmente-a-alejandro-faurlin\/\" target=\"_blank\" rel=\"noopener noreferrer\">VER M\u00c1S: Cruz Azul presenta oficialmente a Alejandro Faurl\u00edn<\/a><\/span><\/p>\n<p>&nbsp;<\/p>\n<p>&nbsp;<\/p>\n","protected":false},"excerpt":{"rendered":"<p>La liga se\u00f1al\u00f3 que en ning\u00fan estatuto se menciona que no puedan embarazarse o hablar sobre sus preferencias sexuales<\/p>\n","protected":false},"author":20,"featured_media":490440,"comment_status":"closed","ping_status":"closed","sticky":false,"template":"","format":"standard","meta":[],"categories":[5,2198,3845],"tags":[8026,64],"_links":{"self":[{"href":"http:\/\/desarrollo.grupomedios.com\/futbol\/wp-json\/wp\/v2\/posts\/490420"}],"collection":[{"href":"http:\/\/desarrollo.grupomedios.com\/futbol\/wp-json\/wp\/v2\/posts"}],"about":[{"href":"http:\/\/desarrollo.grupomedios.com\/futbol\/wp-json\/wp\/v2\/types\/post"}],"author":[{"embeddable":true,"href":"http:\/\/desarrollo.grupomedios.com\/futbol\/wp-json\/wp\/v2\/users\/20"}],"replies":[{"embeddable":true,"href":"http:\/\/desarrollo.grupomedios.com\/futbol\/wp-json\/wp\/v2\/comments?post=490420"}],"version-history":[{"count":1,"href":"http:\/\/desarrollo.grupomedios.com\/futbol\/wp-json\/wp\/v2\/posts\/490420\/revisions"}],"predecessor-version":[{"id":490441,"href":"http:\/\/desarrollo.grupomedios.com\/futbol\/wp-json\/wp\/v2\/posts\/490420\/revisions\/490441"}],"wp:featuredmedia":[{"embeddable":true,"href":"http:\/\/desarrollo.grupomedios.com\/futbol\/wp-json\/wp\/v2\/media\/490440"}],"wp:attachment":[{"href":"http:\/\/desarrollo.grupomedios.com\/futbol\/wp-json\/wp\/v2\/media?parent=490420"}],"wp:term":[{"taxonomy":"category","embeddable":true,"href":"http:\/\/desarrollo.grupomedios.com\/futbol\/wp-json\/wp\/v2\/categories?post=490420"},{"taxonomy":"post_tag","embeddable":true,"href":"http:\/\/desarrollo.grupomedios.com\/futbol\/wp-json\/wp\/v2\/tags?post=490420"}],"curies":[{"name":"wp","href":"https:\/\/api.w.org\/{rel}","templated":true}]}}