{"id":490448,"date":"2017-07-26T17:02:27","date_gmt":"2017-07-26T22:02:27","guid":{"rendered":"https:\/\/www.futboltotal.com.mx\/?p=490448"},"modified":"2017-07-26T17:02:27","modified_gmt":"2017-07-26T22:02:27","slug":"sambueza-presumio-regalos-del-atletico-de-madrid","status":"publish","type":"post","link":"http:\/\/desarrollo.grupomedios.com\/futbol\/futbol-mexicano\/sambueza-presumio-regalos-del-atletico-de-madrid\/2017\/07","title":{"rendered":"Sambueza presumi\u00f3 sus regalos del Atleti"},"content":{"rendered":"<p>El mediocampista del <strong><a href=\"https:\/\/www.futboltotal.com.mx\/2017\/07\/resultado-toluca-0-0-atletico-partido-centenario\/\" target=\"_blank\" rel=\"noopener noreferrer\"><span style=\"color: #333399;\">Club Deportivo Toluca<\/span><\/a>, <a href=\"https:\/\/www.futboltotal.com.mx\/2017\/07\/sambueza-en-contra-del-var\/\" target=\"_blank\" rel=\"noopener noreferrer\"><span style=\"color: #333399;\">Rubens Sambueza<\/span><\/a><\/strong>, presumi\u00f3 a trav\u00e9s de su cuenta de Instagram, dos regalos que consigui\u00f3 al t\u00e9rmino del encuentro del centenario ante el<a href=\"https:\/\/www.futboltotal.com.mx\/2017\/07\/atletico-madrid-llego-a-mexico-a-escondidas\/\" target=\"_blank\" rel=\"noopener noreferrer\"><span style=\"color: #333399;\"><strong> Atl\u00e9tico de Madrid.<\/strong><\/span><\/a><\/p>\n<p style=\"text-align: center;\"><a href=\"https:\/\/www.futboltotal.com.mx\/2017\/07\/coutinho-estaria-cerca-de-fichar-con-el-barcelona\/\" target=\"_blank\" rel=\"noopener noreferrer\">VER M\u00c1S:\u00a0Coutinho estar\u00eda cerca de fichar con el FC Barcelona<\/a><\/p>\n<p>El exjugador americanista disput\u00f3 los 90 minutos del juego que los <em>Choriceros<\/em> igualaron a 0-0 ante los Colchoneros en la cancha del <strong>Nemesio Diez<\/strong>, con motivo del centenario del conjunto toluque\u00f1o.<\/p>\n<p style=\"text-align: center;\"><a href=\"https:\/\/www.futboltotal.com.mx\/2017\/07\/liga-mx-desmiente-discriminacion-en-liga-femenil\/\" target=\"_blank\" rel=\"noopener noreferrer\"><span style=\"color: #333399;\">VER M\u00c1S:\u00a0Liga MX desmiente actos de discriminaci\u00f3n en Liga Femenil<\/span><\/a><\/p>\n<p>\u2018Sambu\u2019 logr\u00f3 quedarse con las camisetas de<b>\u00a0Augusto, <a href=\"https:\/\/www.futboltotal.com.mx\/2016\/01\/kranevitter-una-figura-mas-para-el-atletico-de-madrid\/\" target=\"_blank\" rel=\"noopener noreferrer\"><span style=\"color: #333399;\">Mat\u00edas Kranevitter<\/span><\/a><\/b><span style=\"color: #333399;\">\u00a0<\/span>y <a href=\"https:\/\/www.futboltotal.com.mx\/2017\/07\/griezmann-presumio-viaje-rumbo-a-mexico-enfrentar-a-toluca\/\" target=\"_blank\" rel=\"noopener noreferrer\"><span style=\"color: #333399;\"><strong>Atoine Griezmann.<\/strong><\/span><\/a><\/p>\n<p><a href=\"https:\/\/www.futboltotal.com.mx\/wp-content\/uploads\/2017\/07\/5-3.jpg\"><img decoding=\"async\" loading=\"lazy\" class=\"alignnone wp-image-490453 size-full\" src=\"https:\/\/www.futboltotal.com.mx\/wp-content\/uploads\/2017\/07\/5-3.jpg\" alt=\"Sambueza presumi\u00f3 sus regalos del Atleti 0\" srcset=\"http:\/\/desarrollo.grupomedios.com\/futbol\/wp-content\/uploads\/2017\/07\/5-3.jpg 911w, http:\/\/desarrollo.grupomedios.com\/futbol\/wp-content\/uploads\/2017\/07\/5-3-300x193.jpg 300w, http:\/\/desarrollo.grupomedios.com\/futbol\/wp-content\/uploads\/2017\/07\/5-3-768x493.jpg 768w\" sizes=\"(max-width: 911px) 100vw, 911px\" \/><\/a> <a href=\"https:\/\/www.futboltotal.com.mx\/wp-content\/uploads\/2017\/07\/6-4.jpg\"><img decoding=\"async\" loading=\"lazy\" class=\"alignnone wp-image-490454 size-full\" src=\"https:\/\/www.futboltotal.com.mx\/wp-content\/uploads\/2017\/07\/6-4.jpg\" alt=\"Sambueza presumi\u00f3 sus regalos del Atleti 1\" srcset=\"http:\/\/desarrollo.grupomedios.com\/futbol\/wp-content\/uploads\/2017\/07\/6-4.jpg 919w, http:\/\/desarrollo.grupomedios.com\/futbol\/wp-content\/uploads\/2017\/07\/6-4-300x190.jpg 300w, http:\/\/desarrollo.grupomedios.com\/futbol\/wp-content\/uploads\/2017\/07\/6-4-768x487.jpg 768w\" sizes=\"(max-width: 919px) 100vw, 919px\" \/><\/a> <a href=\"https:\/\/www.futboltotal.com.mx\/wp-content\/uploads\/2017\/07\/7-3.jpg\"><img decoding=\"async\" loading=\"lazy\" class=\"alignnone wp-image-490455 size-full\" src=\"https:\/\/www.futboltotal.com.mx\/wp-content\/uploads\/2017\/07\/7-3.jpg\" alt=\"Sambueza presumi\u00f3 sus regalos del Atleti 2\" srcset=\"http:\/\/desarrollo.grupomedios.com\/futbol\/wp-content\/uploads\/2017\/07\/7-3.jpg 917w, http:\/\/desarrollo.grupomedios.com\/futbol\/wp-content\/uploads\/2017\/07\/7-3-300x193.jpg 300w, http:\/\/desarrollo.grupomedios.com\/futbol\/wp-content\/uploads\/2017\/07\/7-3-768x495.jpg 768w\" sizes=\"(max-width: 917px) 100vw, 917px\" \/><\/a><\/p>\n","protected":false},"excerpt":{"rendered":"<p>Sambueza se puso vivo y le pidi\u00f3 su camiseta de Griezmann<\/p>\n","protected":false},"author":20,"featured_media":477164,"comment_status":"closed","ping_status":"closed","sticky":false,"template":"","format":"standard","meta":[],"categories":[3839,2198,3844,3845],"tags":[6007,9504,6663,808,5975],"_links":{"self":[{"href":"http:\/\/desarrollo.grupomedios.com\/futbol\/wp-json\/wp\/v2\/posts\/490448"}],"collection":[{"href":"http:\/\/desarrollo.grupomedios.com\/futbol\/wp-json\/wp\/v2\/posts"}],"about":[{"href":"http:\/\/desarrollo.grupomedios.com\/futbol\/wp-json\/wp\/v2\/types\/post"}],"author":[{"embeddable":true,"href":"http:\/\/desarrollo.grupomedios.com\/futbol\/wp-json\/wp\/v2\/users\/20"}],"replies":[{"embeddable":true,"href":"http:\/\/desarrollo.grupomedios.com\/futbol\/wp-json\/wp\/v2\/comments?post=490448"}],"version-history":[{"count":1,"href":"http:\/\/desarrollo.grupomedios.com\/futbol\/wp-json\/wp\/v2\/posts\/490448\/revisions"}],"predecessor-version":[{"id":490457,"href":"http:\/\/desarrollo.grupomedios.com\/futbol\/wp-json\/wp\/v2\/posts\/490448\/revisions\/490457"}],"wp:featuredmedia":[{"embeddable":true,"href":"http:\/\/desarrollo.grupomedios.com\/futbol\/wp-json\/wp\/v2\/media\/477164"}],"wp:attachment":[{"href":"http:\/\/desarrollo.grupomedios.com\/futbol\/wp-json\/wp\/v2\/media?parent=490448"}],"wp:term":[{"taxonomy":"category","embeddable":true,"href":"http:\/\/desarrollo.grupomedios.com\/futbol\/wp-json\/wp\/v2\/categories?post=490448"},{"taxonomy":"post_tag","embeddable":true,"href":"http:\/\/desarrollo.grupomedios.com\/futbol\/wp-json\/wp\/v2\/tags?post=490448"}],"curies":[{"name":"wp","href":"https:\/\/api.w.org\/{rel}","templated":true}]}}