{"id":490450,"date":"2017-07-26T17:03:06","date_gmt":"2017-07-26T22:03:06","guid":{"rendered":"https:\/\/www.futboltotal.com.mx\/?p=490450"},"modified":"2017-07-26T17:03:06","modified_gmt":"2017-07-26T22:03:06","slug":"eduardo-herrera-juega-en-victoria-rangers","status":"publish","type":"post","link":"http:\/\/desarrollo.grupomedios.com\/futbol\/futbol-internacional\/eduardo-herrera-juega-en-victoria-rangers\/2017\/07","title":{"rendered":"Eduardo Herrera juega en victoria de Rangers"},"content":{"rendered":"<p>El delantero mexicano, <strong>Eduardo Herrera<\/strong> jug\u00f3 los 90 minutos con el <strong>Rangers<\/strong>, en un partido ante el <strong>Watford<\/strong>.<\/p>\n<p>El cuadro escoc\u00e9s venci\u00f3 a los ingleses por marcador de 1-2, en un encuentro que se disput\u00f3 a puerta cerrada en las instalaciones del Watford.<\/p>\n<p style=\"text-align: center;\"><span style=\"color: #333399;\"><a style=\"color: #333399;\" href=\"https:\/\/www.futboltotal.com.mx\/2017\/07\/america-tenia-acuerdo-jonathan-dos-santos-prefirio-la-mls\/\" target=\"_blank\" rel=\"noopener noreferrer\">VER M\u00c1S: Jonathan Dos Santos prefiri\u00f3 la MLS que a Am\u00e9rica<\/a><\/span><\/p>\n<p><strong>Lalo Herrera<\/strong> tuvo participaci\u00f3n durante todo el encuentro, sin embargo no pudo hacerse presente en el marcador. Los goles de <strong>Rangers<\/strong> fueron de <strong>Candeias<\/strong> y <strong>Waghorn<\/strong>. Mientras que <strong>Okaka<\/strong> anot\u00f3 por el Watford<\/p>\n<p>Por su parte,<strong> Carlos &#8216;Gullit&#8217; Pe\u00f1a<\/strong> no tuvo minutos, pero se espera que juegue en los encuentros que Rangers tiene programados estos d\u00edas como parte de la pretemporada.<\/p>\n<p style=\"text-align: center;\"><span style=\"color: #333399;\"><a style=\"color: #333399;\" href=\"https:\/\/www.futboltotal.com.mx\/2017\/07\/los-5-posibles-destinos-carlos-vela\/\" target=\"_blank\" rel=\"noopener noreferrer\">VER M\u00c1S: Los 5 posibles destinos de Carlos Vela<\/a><\/span><\/p>\n<p>&nbsp;<\/p>\n","protected":false},"excerpt":{"rendered":"<p>Carlos &#8216;Gullit&#8217; Pe\u00f1a no tuvo oportunidad de aparecer con el equipo escoc\u00e9s<\/p>\n","protected":false},"author":20,"featured_media":490456,"comment_status":"closed","ping_status":"closed","sticky":false,"template":"","format":"standard","meta":[],"categories":[3839],"tags":[1140,179,1754,8893,4370],"_links":{"self":[{"href":"http:\/\/desarrollo.grupomedios.com\/futbol\/wp-json\/wp\/v2\/posts\/490450"}],"collection":[{"href":"http:\/\/desarrollo.grupomedios.com\/futbol\/wp-json\/wp\/v2\/posts"}],"about":[{"href":"http:\/\/desarrollo.grupomedios.com\/futbol\/wp-json\/wp\/v2\/types\/post"}],"author":[{"embeddable":true,"href":"http:\/\/desarrollo.grupomedios.com\/futbol\/wp-json\/wp\/v2\/users\/20"}],"replies":[{"embeddable":true,"href":"http:\/\/desarrollo.grupomedios.com\/futbol\/wp-json\/wp\/v2\/comments?post=490450"}],"version-history":[{"count":1,"href":"http:\/\/desarrollo.grupomedios.com\/futbol\/wp-json\/wp\/v2\/posts\/490450\/revisions"}],"predecessor-version":[{"id":490458,"href":"http:\/\/desarrollo.grupomedios.com\/futbol\/wp-json\/wp\/v2\/posts\/490450\/revisions\/490458"}],"wp:featuredmedia":[{"embeddable":true,"href":"http:\/\/desarrollo.grupomedios.com\/futbol\/wp-json\/wp\/v2\/media\/490456"}],"wp:attachment":[{"href":"http:\/\/desarrollo.grupomedios.com\/futbol\/wp-json\/wp\/v2\/media?parent=490450"}],"wp:term":[{"taxonomy":"category","embeddable":true,"href":"http:\/\/desarrollo.grupomedios.com\/futbol\/wp-json\/wp\/v2\/categories?post=490450"},{"taxonomy":"post_tag","embeddable":true,"href":"http:\/\/desarrollo.grupomedios.com\/futbol\/wp-json\/wp\/v2\/tags?post=490450"}],"curies":[{"name":"wp","href":"https:\/\/api.w.org\/{rel}","templated":true}]}}