{"id":490459,"date":"2017-07-26T17:15:53","date_gmt":"2017-07-26T22:15:53","guid":{"rendered":"https:\/\/www.futboltotal.com.mx\/?p=490459"},"modified":"2017-07-26T17:15:53","modified_gmt":"2017-07-26T22:15:53","slug":"carlos-salcedo-ya-entrena-eintracht-frankfurt","status":"publish","type":"post","link":"http:\/\/desarrollo.grupomedios.com\/futbol\/futbol-internacional\/carlos-salcedo-ya-entrena-eintracht-frankfurt\/2017\/07","title":{"rendered":"Carlos Salcedo ya entrena con el Eintracht Frankfurt"},"content":{"rendered":"<p>El defensa mexicano, <strong>Carlos Salcedo<\/strong> , contin\u00faa la recuperaci\u00f3n en su hombro izquierdo, sin embargo, ya se encuentra entrenando en la pretemporada con el\u00a0<strong>Eintracht Frankfurt.<\/strong><\/p>\n<p style=\"text-align: center;\"><span style=\"color: #333399;\"><a style=\"color: #333399;\" href=\"https:\/\/www.futboltotal.com.mx\/2017\/07\/america-tenia-acuerdo-jonathan-dos-santos-prefirio-la-mls\/\" target=\"_blank\" rel=\"noopener noreferrer\">VER M\u00c1S: Jonathan Dos Santos utiliz\u00f3 al Am\u00e9rica para obtener contrato en MLS<\/a><\/span><\/p>\n<p>En su cuenta de Twitter en espa\u00f1ol, el conjunto de las \u00c1guilas, im\u00e1genes de el defensa mexicano bajo la leyenda; &#8220;\u00a1Este mi\u00e9rcoles lo arrancamos con la energ\u00eda y fuerza de un tit\u00e1n!&#8221;.<\/p>\n<blockquote class=\"twitter-tweet\" data-lang=\"es\">\n<p dir=\"ltr\" lang=\"es\">\u00a1Este mi\u00e9rcoles lo arrancamos con la energ\u00eda y fuerza de un tit\u00e1n!<\/p>\n<p>&#x1f603; &#x1f44f; <a href=\"https:\/\/twitter.com\/hashtag\/SGEgais?src=hash\">#SGEgais<\/a> <a href=\"https:\/\/t.co\/Dguv4wmrRr\">pic.twitter.com\/Dguv4wmrRr<\/a><\/p>\n<p>\u2014 eintracht_esp (@eintracht_esp) <a href=\"https:\/\/twitter.com\/eintracht_esp\/status\/890231191139438592\">26 de julio de 2017<\/a><\/p><\/blockquote>\n<p><script async src=\"\/\/platform.twitter.com\/widgets.js\" charset=\"utf-8\"><\/script><\/p>\n<p><strong>Salcedo<\/strong> fue convocado para los duelos de pretemporada en Italia como parte de su adaptaci\u00f3n. Por su parte, <strong>Marco Fabi\u00e1n<\/strong> tambi\u00e9n estar\u00e1 en esta gira y tuvo un recibimiento especial por parte de la gente.<\/p>\n<blockquote class=\"twitter-tweet\" data-lang=\"es\">\n<p dir=\"ltr\" lang=\"es\">Haciendo sue\u00f1os realidad. \u26ab\ufe0f\u26aa\ufe0f<\/p>\n<p>Creando sonrisas. &#x1f601;<a href=\"https:\/\/twitter.com\/hashtag\/SGEgais?src=hash\">#SGEgais<\/a> <a href=\"https:\/\/t.co\/TX5IMPAEu5\">pic.twitter.com\/TX5IMPAEu5<\/a><\/p>\n<p>\u2014 eintracht_esp (@eintracht_esp) <a href=\"https:\/\/twitter.com\/eintracht_esp\/status\/889941030040154112\">25 de julio de 2017<\/a><\/p><\/blockquote>\n<p><script async src=\"\/\/platform.twitter.com\/widgets.js\" charset=\"utf-8\"><\/script><\/p>\n<p style=\"text-align: center;\"><span style=\"color: #333399;\"><a style=\"color: #333399;\" href=\"https:\/\/www.futboltotal.com.mx\/2017\/07\/los-5-posibles-destinos-carlos-vela\/\" target=\"_blank\" rel=\"noopener noreferrer\">VER M\u00c1S: Los 5 posibles destinos de Carlos Vela<\/a><\/span><\/p>\n<p>&nbsp;<\/p>\n","protected":false},"excerpt":{"rendered":"<p>El defensa central mexicano contin\u00faa con la recuperaci\u00f3n de la lesi\u00f3n<\/p>\n","protected":false},"author":20,"featured_media":490024,"comment_status":"closed","ping_status":"closed","sticky":false,"template":"","format":"standard","meta":[],"categories":[3839],"tags":[5531,3588,131],"_links":{"self":[{"href":"http:\/\/desarrollo.grupomedios.com\/futbol\/wp-json\/wp\/v2\/posts\/490459"}],"collection":[{"href":"http:\/\/desarrollo.grupomedios.com\/futbol\/wp-json\/wp\/v2\/posts"}],"about":[{"href":"http:\/\/desarrollo.grupomedios.com\/futbol\/wp-json\/wp\/v2\/types\/post"}],"author":[{"embeddable":true,"href":"http:\/\/desarrollo.grupomedios.com\/futbol\/wp-json\/wp\/v2\/users\/20"}],"replies":[{"embeddable":true,"href":"http:\/\/desarrollo.grupomedios.com\/futbol\/wp-json\/wp\/v2\/comments?post=490459"}],"version-history":[{"count":1,"href":"http:\/\/desarrollo.grupomedios.com\/futbol\/wp-json\/wp\/v2\/posts\/490459\/revisions"}],"predecessor-version":[{"id":490462,"href":"http:\/\/desarrollo.grupomedios.com\/futbol\/wp-json\/wp\/v2\/posts\/490459\/revisions\/490462"}],"wp:featuredmedia":[{"embeddable":true,"href":"http:\/\/desarrollo.grupomedios.com\/futbol\/wp-json\/wp\/v2\/media\/490024"}],"wp:attachment":[{"href":"http:\/\/desarrollo.grupomedios.com\/futbol\/wp-json\/wp\/v2\/media?parent=490459"}],"wp:term":[{"taxonomy":"category","embeddable":true,"href":"http:\/\/desarrollo.grupomedios.com\/futbol\/wp-json\/wp\/v2\/categories?post=490459"},{"taxonomy":"post_tag","embeddable":true,"href":"http:\/\/desarrollo.grupomedios.com\/futbol\/wp-json\/wp\/v2\/tags?post=490459"}],"curies":[{"name":"wp","href":"https:\/\/api.w.org\/{rel}","templated":true}]}}