{"id":490557,"date":"2017-07-26T21:52:29","date_gmt":"2017-07-27T02:52:29","guid":{"rendered":"https:\/\/www.futboltotal.com.mx\/?p=490557"},"modified":"2017-07-26T21:55:59","modified_gmt":"2017-07-27T02:55:59","slug":"djokovic-se-despide-de-la-temporada-2017-por-lesion","status":"publish","type":"post","link":"http:\/\/desarrollo.grupomedios.com\/futbol\/no-todo-es-futbol\/djokovic-se-despide-de-la-temporada-2017-por-lesion\/2017\/07","title":{"rendered":"Novak Djokovic fuera el resto de la temporada por lesi\u00f3n"},"content":{"rendered":"<p>El tenista serbio, <span style=\"color: #333399;\"><a style=\"color: #333399;\" href=\"https:\/\/www.futboltotal.com.mx\/2015\/11\/novak-djokovic-se-lleva-el-masters-1000-de-paris\/\" target=\"_blank\" rel=\"noopener noreferrer\"><strong>Novak Djokovic<\/strong><\/a><\/span>, dijo adi\u00f3s al resto de la temporada a consecuencia de una lesi\u00f3n en el codo derecho, as\u00ed lo anunci\u00f3 este mi\u00e9rcoles, por lo que se perder\u00e1 el <strong>US OPEN<\/strong>\u00a0y cortar\u00e1 su racha de 51 torneos de <strong>Grand Slam<\/strong> al hilo.<\/p>\n<p style=\"text-align: center;\"><a href=\"https:\/\/www.futboltotal.com.mx\/2017\/07\/ximena-navarrete-modelo-con-sangre-de-chivas-chica-del-dia\/\" target=\"_blank\" rel=\"noopener noreferrer\"><span style=\"color: #333399;\">VER M\u00c1S:\u00a0Ximena Navarrete, modelo con sangre rojiblanca<\/span><\/a><\/p>\n<blockquote><p>\u201cLo m\u00e1s importante para m\u00ed es recuperarme, poder jugar sin lesiones durante el mayor tiempo posible, competir en el deporte que me ha dado tanto, el deporte que amo. Por supuesto que quiero volver a ganar, ganar trofeos. Pero este no es el momento de hablar sobre eso. Ahora mismo, estoy concentrado en mi recuperaci\u00f3n\u201d.<\/p><\/blockquote>\n<p>Desde su primera aparici\u00f3n en un<strong> Grand Slam<\/strong>, <em>Nole<\/em> jam\u00e1s se hab\u00eda perdido un torneo; sin embargo, por cuestiones de salud tendr\u00e1 que romper su racha, la tercera m\u00e1s larga en la rama varonil entre los tenistas activos, y la s\u00e9ptima m\u00e1s lagar en la historia del deporte blanco.<\/p>\n<p style=\"text-align: center;\"><a href=\"https:\/\/www.futboltotal.com.mx\/2017\/07\/nike-plasma-la-vida-de-neymar-en-los-nuevos-mercurial\/\" target=\"_blank\" rel=\"noopener noreferrer\"><span style=\"color: #333399;\">VER M\u00c1S:\u00a0Nike plasma la vida de Neymar en los nuevo Mercurial<\/span><\/a><\/p>\n<blockquote><p>\u201cEsta racha extraordinaria lleg\u00f3 a su fin. Mi cuerpo tiene sus l\u00edmites, y tengo que respetarlo y agradecer todo lo que he logrado hasta ahora\u201d.<\/p><\/blockquote>\n","protected":false},"excerpt":{"rendered":"<p>Nole romper\u00e1 su racha de 51 torneos de Grand Slam<\/p>\n","protected":false},"author":20,"featured_media":490567,"comment_status":"closed","ping_status":"closed","sticky":false,"template":"","format":"standard","meta":[],"categories":[5418,6411],"tags":[9516,9514,6266,9515],"_links":{"self":[{"href":"http:\/\/desarrollo.grupomedios.com\/futbol\/wp-json\/wp\/v2\/posts\/490557"}],"collection":[{"href":"http:\/\/desarrollo.grupomedios.com\/futbol\/wp-json\/wp\/v2\/posts"}],"about":[{"href":"http:\/\/desarrollo.grupomedios.com\/futbol\/wp-json\/wp\/v2\/types\/post"}],"author":[{"embeddable":true,"href":"http:\/\/desarrollo.grupomedios.com\/futbol\/wp-json\/wp\/v2\/users\/20"}],"replies":[{"embeddable":true,"href":"http:\/\/desarrollo.grupomedios.com\/futbol\/wp-json\/wp\/v2\/comments?post=490557"}],"version-history":[{"count":1,"href":"http:\/\/desarrollo.grupomedios.com\/futbol\/wp-json\/wp\/v2\/posts\/490557\/revisions"}],"predecessor-version":[{"id":490569,"href":"http:\/\/desarrollo.grupomedios.com\/futbol\/wp-json\/wp\/v2\/posts\/490557\/revisions\/490569"}],"wp:featuredmedia":[{"embeddable":true,"href":"http:\/\/desarrollo.grupomedios.com\/futbol\/wp-json\/wp\/v2\/media\/490567"}],"wp:attachment":[{"href":"http:\/\/desarrollo.grupomedios.com\/futbol\/wp-json\/wp\/v2\/media?parent=490557"}],"wp:term":[{"taxonomy":"category","embeddable":true,"href":"http:\/\/desarrollo.grupomedios.com\/futbol\/wp-json\/wp\/v2\/categories?post=490557"},{"taxonomy":"post_tag","embeddable":true,"href":"http:\/\/desarrollo.grupomedios.com\/futbol\/wp-json\/wp\/v2\/tags?post=490557"}],"curies":[{"name":"wp","href":"https:\/\/api.w.org\/{rel}","templated":true}]}}