{"id":490591,"date":"2017-07-27T09:18:05","date_gmt":"2017-07-27T14:18:05","guid":{"rendered":"https:\/\/www.futboltotal.com.mx\/?p=490591"},"modified":"2017-07-27T09:18:05","modified_gmt":"2017-07-27T14:18:05","slug":"betis-quiere-llevarse-a-carlos-vela","status":"publish","type":"post","link":"http:\/\/desarrollo.grupomedios.com\/futbol\/destacado-home\/betis-quiere-llevarse-a-carlos-vela\/2017\/07","title":{"rendered":"Betis quiere llevarse a Carlos Vela"},"content":{"rendered":"<p>El <strong>Real Betis<\/strong> est\u00e1 buscando al delantero mexicano, <strong>Carlos Vela<\/strong> y estar\u00edan dispuesto a pagar lo que la <strong>Real Sociedad<\/strong> pide por \u00e9l, pues lo consideran ideal para reforzar la posici\u00f3n de delantero y extremo.<\/p>\n<p>De acuerdo con informaci\u00f3n del diario de Sevilla, <em>Estadio Deportivo<\/em>, <strong>Betis<\/strong> quiere aprovechar que <strong>Vela<\/strong> y la <strong>Real Sociedad<\/strong> no tienen intenciones de renovar el contrato, al cual le queda un a\u00f1o. El precio de salida del mexicano podr\u00eda rondar\u00a0los<strong> seis y ocho millones de euros<\/strong>.<\/p>\n<p style=\"text-align: center;\"><span style=\"color: #333399;\"><a style=\"color: #333399;\" href=\"https:\/\/www.futboltotal.com.mx\/2017\/07\/ximena-navarrete-modelo-con-sangre-de-chivas-chica-del-dia\/\" target=\"_blank\" rel=\"noopener noreferrer\">VER M\u00c1S: Ximena Navarrete, modelo con sangre rojiblanca<\/a><\/span><\/p>\n<p>Por su parte, <em>Radio Sevilla<\/em> indica que la <strong>Real Sociedad<\/strong> quiere escuchar ofertas y sacar la mayor ganancia posible por <strong>Vela<\/strong>, pues podr\u00eda marcharse libre en un a\u00f1o, adem\u00e1s que necesitan amortiguar el fichaje del belga\u00a0<strong>Januzaj<\/strong>\u00a0y est\u00e1n buscando fichar a <strong>\u00c1ngel<\/strong>\u00a0<strong>Correa <\/strong>del <strong>Atl\u00e9tico de Madrid<\/strong>.<\/p>\n<p>De acuerdo con ambos medios de Sevilla, este\u00a0fin de semana prev\u00e9 reunirse con el presidente de la <strong>Real Sociedad,<\/strong>\u00a0<strong>Jokin Aperribay<\/strong>,\u00a0para formalizar la propuesta por el delantero azteca.<\/p>\n<p>De darse este fichaje se juntar\u00eda con el mediocampista mexicano,<strong> Andr\u00e9s Guardado<\/strong>, recientemente fichado por el Betis.<\/p>\n<p style=\"text-align: center;\"><span style=\"color: #333399;\"><a style=\"color: #333399;\" href=\"https:\/\/www.futboltotal.com.mx\/2017\/07\/nike-plasma-la-vida-de-neymar-en-los-nuevos-mercurial\/\" target=\"_blank\" rel=\"noopener noreferrer\">VER M\u00c1S: Nike plasma la vida de Neymar en los nuevos Mercurial<\/a><\/span><\/p>\n<p>&nbsp;<\/p>\n","protected":false},"excerpt":{"rendered":"<p>El delantero mexicano podr\u00eda unirse a Andr\u00e9s Guardado en la pr\u00f3xima temporada<\/p>\n","protected":false},"author":20,"featured_media":480471,"comment_status":"closed","ping_status":"closed","sticky":false,"template":"","format":"standard","meta":[],"categories":[5,7740,3839],"tags":[6048,1192,102],"_links":{"self":[{"href":"http:\/\/desarrollo.grupomedios.com\/futbol\/wp-json\/wp\/v2\/posts\/490591"}],"collection":[{"href":"http:\/\/desarrollo.grupomedios.com\/futbol\/wp-json\/wp\/v2\/posts"}],"about":[{"href":"http:\/\/desarrollo.grupomedios.com\/futbol\/wp-json\/wp\/v2\/types\/post"}],"author":[{"embeddable":true,"href":"http:\/\/desarrollo.grupomedios.com\/futbol\/wp-json\/wp\/v2\/users\/20"}],"replies":[{"embeddable":true,"href":"http:\/\/desarrollo.grupomedios.com\/futbol\/wp-json\/wp\/v2\/comments?post=490591"}],"version-history":[{"count":1,"href":"http:\/\/desarrollo.grupomedios.com\/futbol\/wp-json\/wp\/v2\/posts\/490591\/revisions"}],"predecessor-version":[{"id":490595,"href":"http:\/\/desarrollo.grupomedios.com\/futbol\/wp-json\/wp\/v2\/posts\/490591\/revisions\/490595"}],"wp:featuredmedia":[{"embeddable":true,"href":"http:\/\/desarrollo.grupomedios.com\/futbol\/wp-json\/wp\/v2\/media\/480471"}],"wp:attachment":[{"href":"http:\/\/desarrollo.grupomedios.com\/futbol\/wp-json\/wp\/v2\/media?parent=490591"}],"wp:term":[{"taxonomy":"category","embeddable":true,"href":"http:\/\/desarrollo.grupomedios.com\/futbol\/wp-json\/wp\/v2\/categories?post=490591"},{"taxonomy":"post_tag","embeddable":true,"href":"http:\/\/desarrollo.grupomedios.com\/futbol\/wp-json\/wp\/v2\/tags?post=490591"}],"curies":[{"name":"wp","href":"https:\/\/api.w.org\/{rel}","templated":true}]}}