{"id":490596,"date":"2017-07-27T09:32:42","date_gmt":"2017-07-27T14:32:42","guid":{"rendered":"https:\/\/www.futboltotal.com.mx\/?p=490596"},"modified":"2017-07-27T10:31:56","modified_gmt":"2017-07-27T15:31:56","slug":"tigres-se-retracta-america-podria-quedarse-mateus-uribe","status":"publish","type":"post","link":"http:\/\/desarrollo.grupomedios.com\/futbol\/destacado-home\/tigres-se-retracta-america-podria-quedarse-mateus-uribe\/2017\/07","title":{"rendered":"Tigres se retracta y Am\u00e9rica podr\u00eda quedarse con Mateus Uribe"},"content":{"rendered":"<p>El futbolista colombiano, <strong>Mateus Uribe<\/strong>, podr\u00eda recalar en las <strong>\u00c1guilas del Am\u00e9rica<\/strong>, luego que <strong>Tigres<\/strong> desistiera hacer por el jugador.<\/p>\n<p>Andr\u00e9s Botero,\u00a0\u00a0presidente de<strong> Atl\u00e9tico Nacional<\/strong>, indic\u00f3 que ya se encuentran negociando con los de Coapa.<\/p>\n<p style=\"text-align: center;\"><span style=\"color: #333399;\"><a style=\"color: #333399;\" href=\"https:\/\/www.futboltotal.com.mx\/2017\/07\/betis-quiere-llevarse-a-carlos-vela\/\" target=\"_blank\" rel=\"noopener noreferrer\">VER M\u00c1S: Betis quiere llevarse a este delantero mexicano<\/a><\/span><\/p>\n<p>\u201cA <strong>Tigres<\/strong> le dimos opci\u00f3n hasta el d\u00eda de hoy y ya estamos en conversaci\u00f3n con otro equipo para ver c\u00f3mo llegamos a tener un acuerdo lo m\u00e1s r\u00e1pido posible\u201d, dijo\u00a0par <em>ESPN.<\/em><\/p>\n<p>\u201cSe nos perdieron del panorama y hablamos con el empresario y le dijimos te podemos dar un plazo hasta tal d\u00eda y tal hora y nunca m\u00e1s volvieron a aparecer. Se les venci\u00f3 la opci\u00f3n y estamos tratando de hablar con otro equipo de M\u00e9xico\u201d, recalc\u00f3 Botero, para despu\u00e9s confirmar, <strong>\u201cs\u00ed, Am\u00e9rica desde un principio ha estado interesado en el jugador y estamos en conversaciones con ellos\u201d<\/strong>, confirm\u00f3.<\/p>\n<p>El colombiano de 26 a\u00f1os est\u00e1 muy cerca de llegar al Nido, luego que <span style=\"color: #333399;\"><a style=\"color: #333399;\" href=\"https:\/\/www.futboltotal.com.mx\/2017\/07\/america-tenia-acuerdo-jonathan-dos-santos-prefirio-la-mls\/\" target=\"_blank\" rel=\"noopener noreferrer\">se cayera la operaci\u00f3n con <strong>Jonathan Dos Santos<\/strong><\/a><\/span>, quien decidi\u00f3 emigrar a la<strong> MLS<\/strong>.<\/p>\n<p style=\"text-align: center;\"><span style=\"color: #333399;\"><a style=\"color: #333399;\" href=\"https:\/\/www.futboltotal.com.mx\/2017\/07\/ximena-navarrete-modelo-con-sangre-de-chivas-chica-del-dia\/\" target=\"_blank\" rel=\"noopener noreferrer\">VER M\u00c1S: Ximena Navarreta, modelo con sangre rojiblanca<\/a><\/span><\/p>\n<p><iframe loading=\"lazy\" src=\"https:\/\/www.youtube.com\/embed\/YUVcbOpJuM8?feature=oembed\" frameborder=\"0\" allowfullscreen><\/iframe><\/p>\n","protected":false},"excerpt":{"rendered":"<p>El cuadro de Coapa aprovechar\u00eda que Tigres ya no hizo por el futbolista colombiano<\/p>\n","protected":false},"author":20,"featured_media":485922,"comment_status":"closed","ping_status":"closed","sticky":false,"template":"","format":"standard","meta":[],"categories":[5,7740,2198,3845],"tags":[5959,2075,9184,5973],"_links":{"self":[{"href":"http:\/\/desarrollo.grupomedios.com\/futbol\/wp-json\/wp\/v2\/posts\/490596"}],"collection":[{"href":"http:\/\/desarrollo.grupomedios.com\/futbol\/wp-json\/wp\/v2\/posts"}],"about":[{"href":"http:\/\/desarrollo.grupomedios.com\/futbol\/wp-json\/wp\/v2\/types\/post"}],"author":[{"embeddable":true,"href":"http:\/\/desarrollo.grupomedios.com\/futbol\/wp-json\/wp\/v2\/users\/20"}],"replies":[{"embeddable":true,"href":"http:\/\/desarrollo.grupomedios.com\/futbol\/wp-json\/wp\/v2\/comments?post=490596"}],"version-history":[{"count":1,"href":"http:\/\/desarrollo.grupomedios.com\/futbol\/wp-json\/wp\/v2\/posts\/490596\/revisions"}],"predecessor-version":[{"id":490601,"href":"http:\/\/desarrollo.grupomedios.com\/futbol\/wp-json\/wp\/v2\/posts\/490596\/revisions\/490601"}],"wp:featuredmedia":[{"embeddable":true,"href":"http:\/\/desarrollo.grupomedios.com\/futbol\/wp-json\/wp\/v2\/media\/485922"}],"wp:attachment":[{"href":"http:\/\/desarrollo.grupomedios.com\/futbol\/wp-json\/wp\/v2\/media?parent=490596"}],"wp:term":[{"taxonomy":"category","embeddable":true,"href":"http:\/\/desarrollo.grupomedios.com\/futbol\/wp-json\/wp\/v2\/categories?post=490596"},{"taxonomy":"post_tag","embeddable":true,"href":"http:\/\/desarrollo.grupomedios.com\/futbol\/wp-json\/wp\/v2\/tags?post=490596"}],"curies":[{"name":"wp","href":"https:\/\/api.w.org\/{rel}","templated":true}]}}