{"id":490611,"date":"2017-07-27T10:41:37","date_gmt":"2017-07-27T15:41:37","guid":{"rendered":"https:\/\/www.futboltotal.com.mx\/?p=490611"},"modified":"2017-07-27T10:41:37","modified_gmt":"2017-07-27T15:41:37","slug":"america-busco-a-mexicanos-en-europa-ninguno-quiso-piojo-herrera","status":"publish","type":"post","link":"http:\/\/desarrollo.grupomedios.com\/futbol\/futbol-mexicano\/america-busco-a-mexicanos-en-europa-ninguno-quiso-piojo-herrera\/2017\/07","title":{"rendered":"Am\u00e9rica busc\u00f3 a mexicanos en Europa y ninguno quiso: Piojo Herrera"},"content":{"rendered":"<p>El estratega del <strong>Am\u00e9rica<\/strong>, <strong>Miguel &#8216;Piojo&#8217; Herrera<\/strong>, revel\u00f3 que el cuadro de <strong>Coapa<\/strong> intent\u00f3 regresar a alguno de los futbolistas mexicanos que militan en <strong>Europa<\/strong>, sin embargo ninguno de ellos quiso regresar a M\u00e9xico.<\/p>\n<blockquote><p>&#8220;Tocamos todas las\u00a0puertas\u00a0de la gente que pod\u00eda salir o cambiar de equipo y desafortunadamente ninguno tiene todav\u00eda el <strong>deseo de regresar a M\u00e9xico<\/strong>&#8220;, confes\u00f3 Herrera<strong>\u00a0<\/strong>en entrevista con <em>Pasi\u00f3n \u00c1guila<\/em>.<\/p><\/blockquote>\n<p style=\"text-align: center;\"><span style=\"color: #333399;\"><a style=\"color: #333399;\" href=\"https:\/\/www.futboltotal.com.mx\/2017\/07\/betis-quiere-llevarse-a-carlos-vela\/\" target=\"_blank\" rel=\"noopener noreferrer\">VER M\u00c1S: Betis quiere llevarse a este delantero mexicano<\/a><\/span><\/p>\n<p>Por otro lado indic\u00f3 que esta descartada la llegada de alguno de los mexicanos que militan en Europa.<\/p>\n<blockquote><p>&#8220;S\u00ed, <strong>est\u00e1 totalmente descartado<\/strong>, desafortunadamente no est\u00e1n disponibles y cuando hablamos a la\u00a0gente\u00a0de los que pod\u00edan cambiar de aires prefirieron seguir buscando en Europa otra posibilidad&#8221;, indic\u00f3.<\/p><\/blockquote>\n<p style=\"text-align: center;\"><span style=\"color: #333399;\"><a style=\"color: #333399;\" href=\"https:\/\/www.futboltotal.com.mx\/2017\/07\/companero-chicharito-lo-destaca-delantero-perfecto\/\" target=\"_blank\" rel=\"noopener noreferrer\">VER M\u00c1S: &#8220;Chicharito es el delantero perfecto&#8221;<\/a><\/span><\/p>\n<p>&nbsp;<\/p>\n","protected":false},"excerpt":{"rendered":"<p>El estratega indic\u00f3 que buscaron repatriar los mexicanos que militan en el Viejo Continente<\/p>\n","protected":false},"author":20,"featured_media":481530,"comment_status":"closed","ping_status":"closed","sticky":false,"template":"","format":"standard","meta":[],"categories":[2198,3845],"tags":[1585,5959,4545,255],"_links":{"self":[{"href":"http:\/\/desarrollo.grupomedios.com\/futbol\/wp-json\/wp\/v2\/posts\/490611"}],"collection":[{"href":"http:\/\/desarrollo.grupomedios.com\/futbol\/wp-json\/wp\/v2\/posts"}],"about":[{"href":"http:\/\/desarrollo.grupomedios.com\/futbol\/wp-json\/wp\/v2\/types\/post"}],"author":[{"embeddable":true,"href":"http:\/\/desarrollo.grupomedios.com\/futbol\/wp-json\/wp\/v2\/users\/20"}],"replies":[{"embeddable":true,"href":"http:\/\/desarrollo.grupomedios.com\/futbol\/wp-json\/wp\/v2\/comments?post=490611"}],"version-history":[{"count":1,"href":"http:\/\/desarrollo.grupomedios.com\/futbol\/wp-json\/wp\/v2\/posts\/490611\/revisions"}],"predecessor-version":[{"id":490612,"href":"http:\/\/desarrollo.grupomedios.com\/futbol\/wp-json\/wp\/v2\/posts\/490611\/revisions\/490612"}],"wp:featuredmedia":[{"embeddable":true,"href":"http:\/\/desarrollo.grupomedios.com\/futbol\/wp-json\/wp\/v2\/media\/481530"}],"wp:attachment":[{"href":"http:\/\/desarrollo.grupomedios.com\/futbol\/wp-json\/wp\/v2\/media?parent=490611"}],"wp:term":[{"taxonomy":"category","embeddable":true,"href":"http:\/\/desarrollo.grupomedios.com\/futbol\/wp-json\/wp\/v2\/categories?post=490611"},{"taxonomy":"post_tag","embeddable":true,"href":"http:\/\/desarrollo.grupomedios.com\/futbol\/wp-json\/wp\/v2\/tags?post=490611"}],"curies":[{"name":"wp","href":"https:\/\/api.w.org\/{rel}","templated":true}]}}