{"id":490634,"date":"2017-07-27T14:00:57","date_gmt":"2017-07-27T19:00:57","guid":{"rendered":"https:\/\/www.futboltotal.com.mx\/?p=490634"},"modified":"2017-07-27T14:00:57","modified_gmt":"2017-07-27T19:00:57","slug":"me-gustaria-volver-a-europa-bryan-rabello","status":"publish","type":"post","link":"http:\/\/desarrollo.grupomedios.com\/futbol\/futbol-mexicano\/me-gustaria-volver-a-europa-bryan-rabello\/2017\/07","title":{"rendered":"Me gustar\u00eda volver a Europa: Bryan Rabello"},"content":{"rendered":"<p>El mediocampista de <strong>Pumas<\/strong>, <strong>Bryan Rabello<\/strong>, coment\u00f3 que, aunque se siente feliz con los felinos, espera poder regresar al futbol de Europa.<\/p>\n<blockquote><p>&#8220;Ahora quiero estar aqu\u00ed en <strong>Pumas<\/strong>, aqu\u00ed soy feliz. S\u00f3lo pienso en hacerlo bien cada semana, crecer como jugador\u00a0y lo que se vaya dando m\u00e1s adelante ser\u00e1 bienvenido. Aunque s\u00ed me gustar\u00eda volver a <strong>Europa<\/strong>, pero m\u00e1s adelante&#8221;, declar\u00f3 el futbolista para el <em>diario AS<\/em>.<\/p><\/blockquote>\n<p style=\"text-align: center;\"><span style=\"color: #333399;\"><a style=\"color: #333399;\" href=\"https:\/\/www.futboltotal.com.mx\/2017\/07\/betis-quiere-llevarse-a-carlos-vela\/\" target=\"_blank\" rel=\"noopener noreferrer\">VER M\u00c1S: Betis quiere llevarse a este delantero mexicano<\/a><\/span><\/p>\n<p>El andino a tenido 4 experiencias en el futbol del Viejo Continente; en <strong>Espa\u00f1a<\/strong> jug\u00f3 con <strong>Sevilla, Deportivo la Coru\u00f1a y Legan\u00e9s<\/strong> y en <strong>Suiza<\/strong> con el <strong>FC Luzern<\/strong>.<\/p>\n<p>Adem\u00e1s, destac\u00f3 la gran cantidad de chilenos que han recalado en la <strong>Liga MX<\/strong> para este torneo.<\/p>\n<blockquote><p>&#8220;Llama mucho la atenci\u00f3n la cantidad de chilenos que est\u00e1n jugando en la liga mexicana y me pone bastante contento porque con eso se ve que el f\u00fatbol chileno ha crecido bastante\u00a0y, sin duda, se est\u00e1n fijando en nosotros&#8221;, finaliz\u00f3 el mediocampista universitario.<\/p><\/blockquote>\n<p style=\"text-align: center;\"><span style=\"color: #333399;\"><a style=\"color: #333399;\" href=\"https:\/\/www.futboltotal.com.mx\/2017\/07\/pareja-carles-puyol-vanesa-lorenzo-se-desnuda-redes\/\" target=\"_blank\" rel=\"noopener noreferrer\">VER M\u00c1S: Pareja de Carles Puyol se desnuda en redes<\/a><\/span><\/p>\n","protected":false},"excerpt":{"rendered":"<p>El chileno jug\u00f3 en 4 equipos del Viejo Contiente<\/p>\n","protected":false},"author":20,"featured_media":456903,"comment_status":"closed","ping_status":"closed","sticky":false,"template":"","format":"standard","meta":[],"categories":[2198,3845],"tags":[7680,352,74,49],"_links":{"self":[{"href":"http:\/\/desarrollo.grupomedios.com\/futbol\/wp-json\/wp\/v2\/posts\/490634"}],"collection":[{"href":"http:\/\/desarrollo.grupomedios.com\/futbol\/wp-json\/wp\/v2\/posts"}],"about":[{"href":"http:\/\/desarrollo.grupomedios.com\/futbol\/wp-json\/wp\/v2\/types\/post"}],"author":[{"embeddable":true,"href":"http:\/\/desarrollo.grupomedios.com\/futbol\/wp-json\/wp\/v2\/users\/20"}],"replies":[{"embeddable":true,"href":"http:\/\/desarrollo.grupomedios.com\/futbol\/wp-json\/wp\/v2\/comments?post=490634"}],"version-history":[{"count":1,"href":"http:\/\/desarrollo.grupomedios.com\/futbol\/wp-json\/wp\/v2\/posts\/490634\/revisions"}],"predecessor-version":[{"id":490646,"href":"http:\/\/desarrollo.grupomedios.com\/futbol\/wp-json\/wp\/v2\/posts\/490634\/revisions\/490646"}],"wp:featuredmedia":[{"embeddable":true,"href":"http:\/\/desarrollo.grupomedios.com\/futbol\/wp-json\/wp\/v2\/media\/456903"}],"wp:attachment":[{"href":"http:\/\/desarrollo.grupomedios.com\/futbol\/wp-json\/wp\/v2\/media?parent=490634"}],"wp:term":[{"taxonomy":"category","embeddable":true,"href":"http:\/\/desarrollo.grupomedios.com\/futbol\/wp-json\/wp\/v2\/categories?post=490634"},{"taxonomy":"post_tag","embeddable":true,"href":"http:\/\/desarrollo.grupomedios.com\/futbol\/wp-json\/wp\/v2\/tags?post=490634"}],"curies":[{"name":"wp","href":"https:\/\/api.w.org\/{rel}","templated":true}]}}