{"id":490637,"date":"2017-07-27T14:08:10","date_gmt":"2017-07-27T19:08:10","guid":{"rendered":"https:\/\/www.futboltotal.com.mx\/?p=490637"},"modified":"2017-07-27T16:26:40","modified_gmt":"2017-07-27T21:26:40","slug":"hirving-chucky-lozano-debuto-en-sorpresiva-derrota-del-psv","status":"publish","type":"post","link":"http:\/\/desarrollo.grupomedios.com\/futbol\/destacado-home\/hirving-chucky-lozano-debuto-en-sorpresiva-derrota-del-psv\/2017\/07","title":{"rendered":"Chucky Lozano debut\u00f3 en sorpresiva derrota del PSV"},"content":{"rendered":"<p>El delantero mexicano, <strong>Hirving Chucky Lozano<\/strong>, debut\u00f3 este d\u00eda en la sorpresiva derrota del <strong>PSV Eindhoven<\/strong> por 0-1 ante el Osijek de Croacia en el partido de Ida de la Fase Previa de la <strong>UEFA Europa League<\/strong>.<\/p>\n<blockquote class=\"twitter-tweet\" data-width=\"500\">\n<p lang=\"en\" dir=\"ltr\">FULL-TIME <a href=\"https:\/\/twitter.com\/hashtag\/PSVOSI?src=hash\">#PSVOSI<\/a><\/p>\n<p>0-1 Barisic (57) <a href=\"https:\/\/t.co\/t9BPazNzx1\">pic.twitter.com\/t9BPazNzx1<\/a><\/p>\n<p>&mdash; PSV International (@psveindhoven) <a href=\"https:\/\/twitter.com\/psveindhoven\/status\/890645556061548544\">July 27, 2017<\/a><\/p><\/blockquote>\n<p><script async src=\"\/\/platform.twitter.com\/widgets.js\" charset=\"utf-8\"><\/script><\/p>\n<p><strong>Chucky<\/strong> no inici\u00f3 el partido como titular, pues ya previo al encuentro su t\u00e9cnico Philipp Cocu hab\u00eda comentado que el mexicano podr\u00eda tener su debut ingresando de cambio y as\u00ed fue.<\/p>\n<p style=\"text-align: center;\"><span style=\"color: #3366ff;\"><a style=\"color: #3366ff;\" href=\"https:\/\/www.futboltotal.com.mx\/2017\/07\/betis-quiere-llevarse-a-carlos-vela\/\">VER M\u00c1S: Betis quiere llevarse a Carlos Vela<\/a><\/span><\/p>\n<p>El t\u00e9cnico del <strong>PSV<\/strong> busc\u00f3 usar al <strong>Chucky<\/strong> como el &#8216;revulsivo&#8217; de su equipo, pues le dio ingreso en cuanto los granjeros recibieron el tanto de penal con el que perdieron en el Philips Stadion.<\/p>\n<blockquote class=\"twitter-tweet\" data-width=\"500\">\n<p lang=\"es\" dir=\"ltr\">62 &#8211; Ha llegado el gran momento. \u00a1<a href=\"https:\/\/twitter.com\/HirvingLozano70\">@HirvingLozano70<\/a> debuta en el PSV!<\/p>\n<p>&mdash; PSV International (@psveindhoven) <a href=\"https:\/\/twitter.com\/psveindhoven\/status\/890637044665298944\">July 27, 2017<\/a><\/p><\/blockquote>\n<p><script async src=\"\/\/platform.twitter.com\/widgets.js\" charset=\"utf-8\"><\/script><\/p>\n<p>La \u00fanica jugada que tuvo Lozano fue un disparo tras controlar con el pecho, pero lamentablemente para \u00e9l y su equipo, el bal\u00f3n sali\u00f3 afuera.<\/p>\n<p>El <strong>PSV Eindhoven<\/strong> domin\u00f3 todo el partido, pero ni el <strong>Chucky<\/strong>, Luke De Jong y Van Ginkel estuvieron finos en la punter\u00eda.<\/p>\n","protected":false},"excerpt":{"rendered":"<p>Lozano ingres\u00f3 de cambio al minuto 62&#8242;.<\/p>\n","protected":false},"author":129,"featured_media":490638,"comment_status":"closed","ping_status":"closed","sticky":false,"template":"","format":"standard","meta":[],"categories":[5,3839],"tags":[6944,516,6214,3224],"_links":{"self":[{"href":"http:\/\/desarrollo.grupomedios.com\/futbol\/wp-json\/wp\/v2\/posts\/490637"}],"collection":[{"href":"http:\/\/desarrollo.grupomedios.com\/futbol\/wp-json\/wp\/v2\/posts"}],"about":[{"href":"http:\/\/desarrollo.grupomedios.com\/futbol\/wp-json\/wp\/v2\/types\/post"}],"author":[{"embeddable":true,"href":"http:\/\/desarrollo.grupomedios.com\/futbol\/wp-json\/wp\/v2\/users\/129"}],"replies":[{"embeddable":true,"href":"http:\/\/desarrollo.grupomedios.com\/futbol\/wp-json\/wp\/v2\/comments?post=490637"}],"version-history":[{"count":2,"href":"http:\/\/desarrollo.grupomedios.com\/futbol\/wp-json\/wp\/v2\/posts\/490637\/revisions"}],"predecessor-version":[{"id":490675,"href":"http:\/\/desarrollo.grupomedios.com\/futbol\/wp-json\/wp\/v2\/posts\/490637\/revisions\/490675"}],"wp:featuredmedia":[{"embeddable":true,"href":"http:\/\/desarrollo.grupomedios.com\/futbol\/wp-json\/wp\/v2\/media\/490638"}],"wp:attachment":[{"href":"http:\/\/desarrollo.grupomedios.com\/futbol\/wp-json\/wp\/v2\/media?parent=490637"}],"wp:term":[{"taxonomy":"category","embeddable":true,"href":"http:\/\/desarrollo.grupomedios.com\/futbol\/wp-json\/wp\/v2\/categories?post=490637"},{"taxonomy":"post_tag","embeddable":true,"href":"http:\/\/desarrollo.grupomedios.com\/futbol\/wp-json\/wp\/v2\/tags?post=490637"}],"curies":[{"name":"wp","href":"https:\/\/api.w.org\/{rel}","templated":true}]}}