{"id":490652,"date":"2017-07-27T14:25:13","date_gmt":"2017-07-27T19:25:13","guid":{"rendered":"https:\/\/www.futboltotal.com.mx\/?p=490652"},"modified":"2017-07-27T14:25:13","modified_gmt":"2017-07-27T19:25:13","slug":"moises-munoz-presentado-con-puebla-y-defiende-a-juan-carlos-osorio","status":"publish","type":"post","link":"http:\/\/desarrollo.grupomedios.com\/futbol\/futbol-mexicano\/moises-munoz-presentado-con-puebla-y-defiende-a-juan-carlos-osorio\/2017\/07","title":{"rendered":"Mois\u00e9s Mu\u00f1oz y Marrugo, presentados con el Puebla"},"content":{"rendered":"<p>El portero Mois\u00e9s Mu\u00f1oz y el mediocampista Christian Marrugo fueron presentados este jueves con el Puebla.<\/p>\n<p>Moi afirm\u00f3 que &#8220;es un reto muy importante para m\u00ed por el arraigo que tiene el futbol en esta ciudad&#8221;.<\/p>\n<p>Puebla es uno de los equipos que est\u00e1 involucrados en la lucha por el no descenso.<\/p>\n<p style=\"text-align: center;\"><span style=\"color: #333399;\"><a style=\"color: #333399;\" href=\"https:\/\/www.futboltotal.com.mx\/2017\/07\/ir-a-boca-lo-mejor-de-mi-vida-edwin-cardona\/\" target=\"_blank\" rel=\"noopener noreferrer\">VER M\u00c1S: <span class=\"item-title\">\u201cIr a Boca lo mejor de mi vida\u201d: Edwin Cardona<\/span><\/a><\/span><\/p>\n<p>Mu\u00f1oz reprob\u00f3 la actitud de los aficionados hacia el entrenador de la Selecci\u00f3n Mexicana Juan Carlos Osorio, tras su recibimiento hostil en el Aeropuerto de la Ciudad de M\u00e9xico.<\/p>\n<p>Por otro lado, el colombiano Christian Marrugo destac\u00f3 su regreso a la Liga Mx como &#8220;una revancha&#8221;, despu\u00e9s de su paso ef\u00edmero y sin gloria con Veracruz.<\/p>\n<p>&#8220;En Colombia tengo un nombre, aqu\u00ed (en M\u00e9xico) tuve muchos momentos dif\u00edciles, pero vengo por la revancha&#8221;, sentenci\u00f3 Marrugo.<\/p>\n<p style=\"text-align: center;\"><a href=\"https:\/\/www.futboltotal.com.mx\/2017\/07\/novia-jonathan-dos-santos-revela-fichaje-galaxy\/\" target=\"_blank\" rel=\"noopener noreferrer\"><span style=\"color: #333399;\">VER M\u00c1S: <span class=\"item-title\">Novia de Jonathan Dos Santos\u2026\u00bfrevela fichaje con el Galaxy?<\/span><\/span><\/a><\/p>\n","protected":false},"excerpt":{"rendered":"<p>El ex arquero del Am\u00e9rica se\u00f1al\u00f3 que Juan Carlos Osorio no tiene la culpa de lo que ha pasado en el Tri<\/p>\n","protected":false},"author":20,"featured_media":490655,"comment_status":"closed","ping_status":"closed","sticky":false,"template":"","format":"standard","meta":[],"categories":[2198,3845],"tags":[6196,635,5969],"_links":{"self":[{"href":"http:\/\/desarrollo.grupomedios.com\/futbol\/wp-json\/wp\/v2\/posts\/490652"}],"collection":[{"href":"http:\/\/desarrollo.grupomedios.com\/futbol\/wp-json\/wp\/v2\/posts"}],"about":[{"href":"http:\/\/desarrollo.grupomedios.com\/futbol\/wp-json\/wp\/v2\/types\/post"}],"author":[{"embeddable":true,"href":"http:\/\/desarrollo.grupomedios.com\/futbol\/wp-json\/wp\/v2\/users\/20"}],"replies":[{"embeddable":true,"href":"http:\/\/desarrollo.grupomedios.com\/futbol\/wp-json\/wp\/v2\/comments?post=490652"}],"version-history":[{"count":1,"href":"http:\/\/desarrollo.grupomedios.com\/futbol\/wp-json\/wp\/v2\/posts\/490652\/revisions"}],"predecessor-version":[{"id":490656,"href":"http:\/\/desarrollo.grupomedios.com\/futbol\/wp-json\/wp\/v2\/posts\/490652\/revisions\/490656"}],"wp:featuredmedia":[{"embeddable":true,"href":"http:\/\/desarrollo.grupomedios.com\/futbol\/wp-json\/wp\/v2\/media\/490655"}],"wp:attachment":[{"href":"http:\/\/desarrollo.grupomedios.com\/futbol\/wp-json\/wp\/v2\/media?parent=490652"}],"wp:term":[{"taxonomy":"category","embeddable":true,"href":"http:\/\/desarrollo.grupomedios.com\/futbol\/wp-json\/wp\/v2\/categories?post=490652"},{"taxonomy":"post_tag","embeddable":true,"href":"http:\/\/desarrollo.grupomedios.com\/futbol\/wp-json\/wp\/v2\/tags?post=490652"}],"curies":[{"name":"wp","href":"https:\/\/api.w.org\/{rel}","templated":true}]}}