{"id":490678,"date":"2017-07-27T18:55:29","date_gmt":"2017-07-27T23:55:29","guid":{"rendered":"https:\/\/www.futboltotal.com.mx\/?p=490678"},"modified":"2017-07-27T19:09:04","modified_gmt":"2017-07-28T00:09:04","slug":"leon-ficha-a-andre-mosquera-para-el-apertura-2017","status":"publish","type":"post","link":"http:\/\/desarrollo.grupomedios.com\/futbol\/destacado-home\/leon-ficha-a-andre-mosquera-para-el-apertura-2017\/2017\/07","title":{"rendered":"Le\u00f3n ficha a Andr\u00e9 Mosquera para el Apertura 2017"},"content":{"rendered":"<p><a href=\"https:\/\/www.futboltotal.com.mx\/2017\/07\/carlos-slim-y-grupo-pachuca-rompen-relaciones\/\" target=\"_blank\" rel=\"noopener noreferrer\"><span style=\"color: #333399;\"><strong>Grupo Pachuca<\/strong> <\/span><\/a>e <a href=\"https:\/\/www.futboltotal.com.mx\/2017\/06\/maximiliano-barreiro-deja-a-necaxa-ir-a-independiente\/\" target=\"_blank\" rel=\"noopener noreferrer\"><span style=\"color: #333399;\"><strong>Independiente de Medell\u00edn<\/strong><\/span><\/a> habr\u00edan llegado a un acuerdo para que <strong>Andr\u00e9s Mosquera<\/strong> se convierta en nuevo refuerzo del <a href=\"https:\/\/www.futboltotal.com.mx\/2017\/07\/resultados-leon-3-2-alebrijes-en-la-copa-mx\/\" target=\"_blank\" rel=\"noopener noreferrer\"><span style=\"color: #333399;\"><strong>Le\u00f3n.<\/strong><\/span><\/a><\/p>\n<p style=\"text-align: center;\"><a href=\"https:\/\/www.futboltotal.com.mx\/2017\/07\/osorio-no-ha-enganado-a-nadie-miguel-piojo-herrera\/\" target=\"_blank\" rel=\"noopener noreferrer\"><span style=\"color: #333399;\">VER M\u00c1S:\u00a0Osorio no ha enga\u00f1ado a nadie: \u2018Piojo\u2019<\/span><\/a><\/p>\n<p><strong>Andr\u00e9s Mosquera<\/strong> de 26 a\u00f1os de edad, se convirti\u00f3 en nuevo refuerzo del <strong>Le\u00f3n<\/strong> para el <strong>Apertura 2017<\/strong>, procedente de la primera de Colombia, donde durante el presente a\u00f1o ha disputado 22 encuentros y anotado un gol.<\/p>\n<p style=\"text-align: center;\"><a href=\"https:\/\/www.futboltotal.com.mx\/2017\/07\/cristiano-ronaldo-quiere-tener-siete-hijos\/\" target=\"_blank\" rel=\"noopener noreferrer\"><span style=\"color: #333399;\">VER M\u00c1S:\u00a0Cristiano Ronaldo asegura que quiere tener siete hijos<\/span><\/a><\/p>\n<p>Ser\u00e1 hasta el pr\u00f3ximo s\u00e1bado cuando el zaguero colombiano arribe a <strong>M\u00e9xico<\/strong> para integrarse a los trabajos de los esmeraldas.<\/p>\n<p>&nbsp;<\/p>\n<blockquote class=\"twitter-tweet\" data-lang=\"es\">\n<p dir=\"ltr\" lang=\"es\">\u00a1Bienvenido &#8220;Guardia&#8221;!<br \/>\nDirecto de Colombia llega Andr\u00e9s Mosquera Guardia, nuevo defensor de nuestro equipo. <a href=\"https:\/\/twitter.com\/hashtag\/SerFieraEsUnOrgullo?src=hash\">#SerFieraEsUnOrgullo<\/a> <a href=\"https:\/\/t.co\/YFtcpOKgl4\">pic.twitter.com\/YFtcpOKgl4<\/a><\/p>\n<p>\u2014 Club Le\u00f3n (@clubleonfc) <a href=\"https:\/\/twitter.com\/clubleonfc\/status\/890716637980217344\">27 de julio de 2017<\/a><\/p><\/blockquote>\n<p><script async src=\"\/\/platform.twitter.com\/widgets.js\" charset=\"utf-8\"><\/script><\/p>\n","protected":false},"excerpt":{"rendered":"<p>Los esmeraldas cierra la contrataci\u00f3n de Andr\u00e9 Mosquera<\/p>\n","protected":false},"author":20,"featured_media":490682,"comment_status":"closed","ping_status":"closed","sticky":false,"template":"","format":"standard","meta":[],"categories":[5,7740,2198,3845],"tags":[9525,9526,5965],"_links":{"self":[{"href":"http:\/\/desarrollo.grupomedios.com\/futbol\/wp-json\/wp\/v2\/posts\/490678"}],"collection":[{"href":"http:\/\/desarrollo.grupomedios.com\/futbol\/wp-json\/wp\/v2\/posts"}],"about":[{"href":"http:\/\/desarrollo.grupomedios.com\/futbol\/wp-json\/wp\/v2\/types\/post"}],"author":[{"embeddable":true,"href":"http:\/\/desarrollo.grupomedios.com\/futbol\/wp-json\/wp\/v2\/users\/20"}],"replies":[{"embeddable":true,"href":"http:\/\/desarrollo.grupomedios.com\/futbol\/wp-json\/wp\/v2\/comments?post=490678"}],"version-history":[{"count":2,"href":"http:\/\/desarrollo.grupomedios.com\/futbol\/wp-json\/wp\/v2\/posts\/490678\/revisions"}],"predecessor-version":[{"id":490690,"href":"http:\/\/desarrollo.grupomedios.com\/futbol\/wp-json\/wp\/v2\/posts\/490678\/revisions\/490690"}],"wp:featuredmedia":[{"embeddable":true,"href":"http:\/\/desarrollo.grupomedios.com\/futbol\/wp-json\/wp\/v2\/media\/490682"}],"wp:attachment":[{"href":"http:\/\/desarrollo.grupomedios.com\/futbol\/wp-json\/wp\/v2\/media?parent=490678"}],"wp:term":[{"taxonomy":"category","embeddable":true,"href":"http:\/\/desarrollo.grupomedios.com\/futbol\/wp-json\/wp\/v2\/categories?post=490678"},{"taxonomy":"post_tag","embeddable":true,"href":"http:\/\/desarrollo.grupomedios.com\/futbol\/wp-json\/wp\/v2\/tags?post=490678"}],"curies":[{"name":"wp","href":"https:\/\/api.w.org\/{rel}","templated":true}]}}