{"id":490721,"date":"2017-07-27T21:24:21","date_gmt":"2017-07-28T02:24:21","guid":{"rendered":"https:\/\/www.futboltotal.com.mx\/?p=490721"},"modified":"2017-07-28T09:14:14","modified_gmt":"2017-07-28T14:14:14","slug":"liga-femenil-mx-consulta-por-donde-seguir-la-jornada-1","status":"publish","type":"post","link":"http:\/\/desarrollo.grupomedios.com\/futbol\/futbol-mexicano\/liga-femenil-mx-consulta-por-donde-seguir-la-jornada-1\/2017\/07","title":{"rendered":"Liga Femenil MX: Consulta por d\u00f3nde seguir la Jornada 1"},"content":{"rendered":"<p>Este viernes arrancara la nueva <a href=\"https:\/\/www.futboltotal.com.mx\/2017\/07\/liga-mx-desmiente-discriminacion-en-liga-femenil\/\" target=\"_blank\" rel=\"noopener noreferrer\"><span style=\"color: #333399;\"><strong>Liga Femenil MX<\/strong><\/span><\/a> con el encuentro entre <a href=\"https:\/\/www.futboltotal.com.mx\/2017\/07\/honda-compraria-derechos-transmision-pachuca-japon\/\" target=\"_blank\" rel=\"noopener noreferrer\"><span style=\"color: #333399;\"><strong>Pachuca<\/strong><\/span><\/a> y <a href=\"https:\/\/www.futboltotal.com.mx\/2017\/07\/pumas-felicita-a-veron-cumpleanos-los-aficionados-le-dan\/\" target=\"_blank\" rel=\"noopener noreferrer\"><span style=\"color: #333399;\"><strong>Pumas<\/strong><\/span><\/a> en punto de las 10:00 am, en las instalaciones de la <strong>Universidad del Futbol<\/strong>, mismo que ser\u00e1 televisado por <strong>Claro Sports<\/strong>.<\/p>\n<p>En el segundo encuentro, <strong><a href=\"https:\/\/www.futboltotal.com.mx\/2017\/07\/toluca-anuncia-nuevo-refuerzo-uruguayo\/\" target=\"_blank\" rel=\"noopener noreferrer\"><span style=\"color: #333399;\">Toluca<\/span><\/a><\/strong> recibir\u00e1 a <a href=\"https:\/\/www.futboltotal.com.mx\/2017\/07\/chivas-y-cruz-azul-protagonistas-de-los-memes-la-copa-mx\/\" target=\"_blank\" rel=\"noopener noreferrer\"><span style=\"color: #333399;\"><strong>Cruz Azul<\/strong> <\/span><\/a>en <strong>Metepec<\/strong> a las 12:00 horas e ir\u00e1 por la p\u00e1gina de la <strong>Liga MX<\/strong>, as\u00ed como los encuentros del s\u00e1bado 29, cuando <a href=\"https:\/\/www.futboltotal.com.mx\/2017\/07\/chivas-y-cruz-azul-protagonistas-de-los-memes-la-copa-mx\/\" target=\"_blank\" rel=\"noopener noreferrer\"><span style=\"color: #333399;\"><strong>Chivas<\/strong><\/span><\/a> reciba a <a href=\"https:\/\/www.futboltotal.com.mx\/2017\/07\/resultado-liga-mx-leon-0-3-atlas-jornada-1-apertura-2017\/\" target=\"_blank\" rel=\"noopener noreferrer\"><span style=\"color: #333399;\"><strong>Atlas<\/strong><\/span><\/a> en <strong><span style=\"color: #000000;\">Chivas <\/span>San Rafael<\/strong> a las 09:00 horas y el <a href=\"https:\/\/www.futboltotal.com.mx\/2017\/07\/america-busco-a-mexicanos-en-europa-ninguno-quiso-piojo-herrera\/\" target=\"_blank\" rel=\"noopener noreferrer\"><span style=\"color: #333399;\"><strong>Am\u00e9rica<\/strong><\/span><\/a> reciba a <a href=\"https:\/\/www.futboltotal.com.mx\/2017\/07\/xolos-a-consumar-proceso-titulo\/\" target=\"_blank\" rel=\"noopener noreferrer\"><span style=\"color: #333399;\"><strong>Xolos<\/strong><\/span><\/a> en <strong>Coapa<\/strong> a las 16:00 horas, mientras que el del domingo 30 de julio entre <a href=\"https:\/\/www.futboltotal.com.mx\/2017\/07\/resultado-monterrey-3-0-celaya-copa-mx-futbol-total\/\" target=\"_blank\" rel=\"noopener noreferrer\"><span style=\"color: #333399;\"><strong>Monterrey<\/strong><\/span><\/a> y <a href=\"https:\/\/www.futboltotal.com.mx\/2017\/07\/necaxa-y-su-deseo-por-volver-a-ser-protagonista\/\" target=\"_blank\" rel=\"noopener noreferrer\"><span style=\"color: #333399;\"><strong>Necaxa<\/strong><\/span><\/a> ser\u00e1 en el <strong>Barrial<\/strong> a las 10:30 horas.<\/p>\n<p style=\"text-align: center;\"><a href=\"https:\/\/www.futboltotal.com.mx\/2017\/07\/everaldo-stum-nuevo-refuerzo-de-gallos-blancos\/\" target=\"_blank\" rel=\"noopener noreferrer\"><span style=\"color: #333399;\">VER M\u00c1S:\u00a0Everaldo Stum, nuevo refuerzo de Gallos Blancos<\/span><\/a><\/p>\n<p>Mientras que los duelos del s\u00e1bado 29 entre <a href=\"https:\/\/www.futboltotal.com.mx\/2017\/07\/santos-puso-el-ejemplo-y-busca-para-erradicar-grito-en-liga-mx\/\" target=\"_blank\" rel=\"noopener noreferrer\"><span style=\"color: #333399;\"><strong>Santos<\/strong><\/span><\/a> y <a href=\"https:\/\/www.futboltotal.com.mx\/2017\/07\/leon-ficha-a-andre-mosquera-para-el-apertura-2017\/\" target=\"_blank\" rel=\"noopener noreferrer\"><span style=\"color: #333399;\"><strong>Le\u00f3n<\/strong><\/span><\/a> de las 09:00 horas ir\u00e1 por Facebook Live, as\u00ed como el <a href=\"https:\/\/www.futboltotal.com.mx\/2017\/07\/tito-villa-causara-baja-con-queretaro-por-lesion\/\" target=\"_blank\" rel=\"noopener noreferrer\"><span style=\"color: #333399;\"><strong>Quer\u00e9taro<\/strong><\/span><\/a> ante <a href=\"https:\/\/www.futboltotal.com.mx\/2017\/07\/tigres-se-retracta-america-podria-quedarse-mateus-uribe\/\" target=\"_blank\" rel=\"noopener noreferrer\"><span style=\"color: #333399;\"><strong>Tigres<\/strong><\/span><\/a> que se llevar\u00e1 a cabo en punto de las 11:30 hroas en el Centro Gallo A.R.<\/p>\n<p>Por \u00faltimo, <a href=\"https:\/\/www.futboltotal.com.mx\/2017\/07\/monarcas-se-sube-al-tren-de-game-of-thrones\/\" target=\"_blank\" rel=\"noopener noreferrer\"><span style=\"color: #333399;\"><strong>Monarcas<\/strong><\/span><\/a> recibir\u00e1 el s\u00e1bado 29 a <a href=\"https:\/\/www.futboltotal.com.mx\/2017\/07\/veracruz-ano-luchando-quedarse-en-primera\/\" target=\"_blank\" rel=\"noopener noreferrer\"><span style=\"color: #333399;\"><strong>Veracruz<\/strong><\/span><\/a> en el <strong>Estadio Morelos<\/strong>, en punto de la 12:30 y ser\u00e1 transmitido por AYM Sports.<\/p>\n<p style=\"text-align: center;\"><a href=\"https:\/\/www.futboltotal.com.mx\/2017\/07\/tito-villa-causara-baja-con-queretaro-por-lesion\/\" target=\"_blank\" rel=\"noopener noreferrer\"><span style=\"color: #333399;\">VER M\u00c1S:\u00a0Tito Villa causar\u00e1 baja con Quer\u00e9taro por lesi\u00f3n<\/span><\/a><\/p>\n<p>&nbsp;<\/p>\n<blockquote class=\"twitter-tweet\" data-lang=\"es\">\n<p dir=\"ltr\" lang=\"es\">No te pierdas nada de la <a href=\"https:\/\/twitter.com\/hashtag\/J1AP2017?src=hash\">#J1AP2017<\/a> de la <a href=\"https:\/\/twitter.com\/hashtag\/LIGAMXFemenil?src=hash\">#LIGAMXFemenil<\/a> &#x1f481;\u26bd<br \/>\nAqu\u00ed est\u00e1n las opciones para seguirla EN VIVO<a href=\"https:\/\/twitter.com\/hashtag\/VamosPorEllas?src=hash\">#VamosPorEllas<\/a><br \/>\n\u26bd <a href=\"https:\/\/twitter.com\/hashtag\/SienteTuLiga?src=hash\">#SienteTuLiga<\/a> \u26bd <a href=\"https:\/\/t.co\/xOF6FLQXtM\">pic.twitter.com\/xOF6FLQXtM<\/a><\/p>\n<p>\u2014 LIGA MX Femenil (@LIGAMXFemenil) <a href=\"https:\/\/twitter.com\/LIGAMXFemenil\/status\/890747880440557568\">28 de julio de 2017<\/a><\/p><\/blockquote>\n<p><script async src=\"\/\/platform.twitter.com\/widgets.js\" charset=\"utf-8\"><\/script><\/p>\n","protected":false},"excerpt":{"rendered":"<p>Consulta por d\u00f3nde seguir toda la J1 de la Liga Femenil MX<\/p>\n","protected":false},"author":20,"featured_media":490722,"comment_status":"closed","ping_status":"closed","sticky":false,"template":"","format":"standard","meta":[],"categories":[7570,2198,3845],"tags":[5959,8026,85,5968,5970],"_links":{"self":[{"href":"http:\/\/desarrollo.grupomedios.com\/futbol\/wp-json\/wp\/v2\/posts\/490721"}],"collection":[{"href":"http:\/\/desarrollo.grupomedios.com\/futbol\/wp-json\/wp\/v2\/posts"}],"about":[{"href":"http:\/\/desarrollo.grupomedios.com\/futbol\/wp-json\/wp\/v2\/types\/post"}],"author":[{"embeddable":true,"href":"http:\/\/desarrollo.grupomedios.com\/futbol\/wp-json\/wp\/v2\/users\/20"}],"replies":[{"embeddable":true,"href":"http:\/\/desarrollo.grupomedios.com\/futbol\/wp-json\/wp\/v2\/comments?post=490721"}],"version-history":[{"count":1,"href":"http:\/\/desarrollo.grupomedios.com\/futbol\/wp-json\/wp\/v2\/posts\/490721\/revisions"}],"predecessor-version":[{"id":490723,"href":"http:\/\/desarrollo.grupomedios.com\/futbol\/wp-json\/wp\/v2\/posts\/490721\/revisions\/490723"}],"wp:featuredmedia":[{"embeddable":true,"href":"http:\/\/desarrollo.grupomedios.com\/futbol\/wp-json\/wp\/v2\/media\/490722"}],"wp:attachment":[{"href":"http:\/\/desarrollo.grupomedios.com\/futbol\/wp-json\/wp\/v2\/media?parent=490721"}],"wp:term":[{"taxonomy":"category","embeddable":true,"href":"http:\/\/desarrollo.grupomedios.com\/futbol\/wp-json\/wp\/v2\/categories?post=490721"},{"taxonomy":"post_tag","embeddable":true,"href":"http:\/\/desarrollo.grupomedios.com\/futbol\/wp-json\/wp\/v2\/tags?post=490721"}],"curies":[{"name":"wp","href":"https:\/\/api.w.org\/{rel}","templated":true}]}}