{"id":490737,"date":"2017-07-28T08:38:02","date_gmt":"2017-07-28T13:38:02","guid":{"rendered":"https:\/\/www.futboltotal.com.mx\/?p=490737"},"modified":"2017-07-28T09:02:05","modified_gmt":"2017-07-28T14:02:05","slug":"real-madrid-pagaria-por-mbappe-hasta-253-millones","status":"publish","type":"post","link":"http:\/\/desarrollo.grupomedios.com\/futbol\/destacado-home\/real-madrid-pagaria-por-mbappe-hasta-253-millones\/2017\/07","title":{"rendered":"Real Madrid pagar\u00eda por fichar a Mbapp\u00e9 hasta 253 millones"},"content":{"rendered":"<p class=\"DETALLE_N_titulo \"><span id=\"ctl14_lblMostra\">El fichaje de la promesa francesa <strong>Kylian Mbapp\u00e9<\/strong> podr\u00eda elevarse hasta 216 millones de euros (cerca de 253 millones de d\u00f3lares) para el <strong>Real Madrid<\/strong>, revel\u00f3 este viernes el diario L&#8217;\u00c9quipe, que adelant\u00f3 que el <strong>AS M\u00f3naco<\/strong> le ha puesto un precio neto de 180 millones de euros (casi 211 millones de d\u00f3lares) del que no piensa bajar.<\/span><\/p>\n<p>Seg\u00fan el rotativo deportivo, cualquier club espa\u00f1ol interesado en <strong>Mbapp\u00e9<\/strong> deber\u00eda sumar a los 180 millones de euros que pide su equipo un 19 % adicional (unos 34,5 millones) derivado del impuesto con que el Estado espa\u00f1ol grava cualquier transacci\u00f3n con M\u00f3naco, pues este pa\u00eds es considerado un para\u00edso fiscal.<\/p>\n<p class=\"DETALLE_N_titulo \" style=\"text-align: center;\"><span id=\"ctl14_lblMostra\"><a href=\"https:\/\/www.futboltotal.com.mx\/2017\/07\/leon-ficha-a-andre-mosquera-para-el-apertura-2017\/\" target=\"_blank\" rel=\"noopener noreferrer\"><span style=\"color: #333399;\">VER M\u00c1S: Le\u00f3n ficha a Andr\u00e9 Mosquera para el Apertura 2017<\/span><\/a><\/span><\/p>\n<p class=\"DETALLE_N_titulo \"><span id=\"ctl14_lblMostra\">A esa cantidad habr\u00eda que a\u00f1adir finalmente alrededor de 1,4 millones que ir\u00edan a parar al club de origen de <strong>Mbapp\u00e9<\/strong>, el Bondy, por los derechos de formaci\u00f3n.<\/span><\/p>\n<p>As\u00ed las cosas, L&#8217;\u00c9quipe estima que la oferta que el Real Madrid ya habr\u00eda realizado por el joven delantero de 180 millones, de los cuales 30 en variables, ser\u00eda por el momento &#8220;insuficiente&#8221; para el club monegasco.<\/p>\n<p>Las exorbitantes cantidades, que se aproximan a las que el Par\u00eds Saint-Germain (PSG) estar\u00eda pensando en desembolsar por el barcelonista Neymar, han llevado al Madrid a un periodo de reflexi\u00f3n, y &#8220;L&#8217;\u00c9quipe&#8221; alerta de que el Manchester City podr\u00eda tratar de aprovecharse de esa indecisi\u00f3n.<\/p>\n<p class=\"DETALLE_N_titulo \" style=\"text-align: center;\"><span id=\"ctl14_lblMostra\"><a href=\"https:\/\/www.futboltotal.com.mx\/2017\/07\/jonathan-dos-santos-firma-con-galaxy\/\" target=\"_blank\" rel=\"noopener noreferrer\"><span style=\"color: #333399;\">VER M\u00c1S: Jonathan Dos Santos ficha por el Galaxy de Giovani<\/span><\/a><\/span><\/p>\n<p class=\"DETALLE_N_titulo \"><span id=\"ctl14_lblMostra\">Los &#8220;citizens&#8221; no estar\u00edan obligados a pagar la tasa extra a la que est\u00e1n sujetos los equipos espa\u00f1oles, pero pese a todo no parecen por ahora dispuestos a realizar ese desembolso, aunque su t\u00e9cnico, Pep Guardiola, mantuviese una reuni\u00f3n hace un mes con el entorno de Mbapp\u00e9 para sondear las posibilidades del fichaje.<\/span><\/p>\n<p>Como recuerda el medio franc\u00e9s, el vicepresidente y hombre fuerte del M\u00f3naco, Vadim Vasilyev, ha conseguido a lo largo del mercado de fichajes su objetivo de vender por precios muy altos a los jugadores m\u00e1s destacados de la pasada temporada, como Bernardo Silva (50 millones de euros) y Mendy (57,5 millones de euros) al City o Bakayoko (45 millones de euros) al Chelsea.<\/p>\n<p class=\"DETALLE_N_titulo \" style=\"text-align: center;\"><a href=\"https:\/\/www.futboltotal.com.mx\/2017\/07\/osorio-no-ha-enganado-a-nadie-miguel-piojo-herrera\/\" target=\"_blank\" rel=\"noopener noreferrer\"><span style=\"color: #333399;\">VER M\u00c1S: Piojo Herrera asegura: &#8220;Osorio no ha enga\u00f1ado a nadie&#8221;<\/span><\/a><\/p>\n<div id=\"texto\" class=\"texto_txt\"><\/div>\n","protected":false},"excerpt":{"rendered":"<p>Un tema de impuestos encarecer\u00eda al a\u00fan jugador del M\u00f3naco.<\/p>\n","protected":false},"author":144,"featured_media":490739,"comment_status":"closed","ping_status":"closed","sticky":false,"template":"","format":"standard","meta":[],"categories":[5,7740,3839,3844,7521],"tags":[9530,9531,8525,6093,5988],"_links":{"self":[{"href":"http:\/\/desarrollo.grupomedios.com\/futbol\/wp-json\/wp\/v2\/posts\/490737"}],"collection":[{"href":"http:\/\/desarrollo.grupomedios.com\/futbol\/wp-json\/wp\/v2\/posts"}],"about":[{"href":"http:\/\/desarrollo.grupomedios.com\/futbol\/wp-json\/wp\/v2\/types\/post"}],"author":[{"embeddable":true,"href":"http:\/\/desarrollo.grupomedios.com\/futbol\/wp-json\/wp\/v2\/users\/144"}],"replies":[{"embeddable":true,"href":"http:\/\/desarrollo.grupomedios.com\/futbol\/wp-json\/wp\/v2\/comments?post=490737"}],"version-history":[{"count":2,"href":"http:\/\/desarrollo.grupomedios.com\/futbol\/wp-json\/wp\/v2\/posts\/490737\/revisions"}],"predecessor-version":[{"id":490743,"href":"http:\/\/desarrollo.grupomedios.com\/futbol\/wp-json\/wp\/v2\/posts\/490737\/revisions\/490743"}],"wp:featuredmedia":[{"embeddable":true,"href":"http:\/\/desarrollo.grupomedios.com\/futbol\/wp-json\/wp\/v2\/media\/490739"}],"wp:attachment":[{"href":"http:\/\/desarrollo.grupomedios.com\/futbol\/wp-json\/wp\/v2\/media?parent=490737"}],"wp:term":[{"taxonomy":"category","embeddable":true,"href":"http:\/\/desarrollo.grupomedios.com\/futbol\/wp-json\/wp\/v2\/categories?post=490737"},{"taxonomy":"post_tag","embeddable":true,"href":"http:\/\/desarrollo.grupomedios.com\/futbol\/wp-json\/wp\/v2\/tags?post=490737"}],"curies":[{"name":"wp","href":"https:\/\/api.w.org\/{rel}","templated":true}]}}