{"id":490742,"date":"2017-07-28T09:10:50","date_gmt":"2017-07-28T14:10:50","guid":{"rendered":"https:\/\/www.futboltotal.com.mx\/?p=490742"},"modified":"2017-07-28T09:10:50","modified_gmt":"2017-07-28T14:10:50","slug":"chivas-jugara-super-copa-campeones-vs-atletico-nacional","status":"publish","type":"post","link":"http:\/\/desarrollo.grupomedios.com\/futbol\/futbol-mexicano\/chivas-jugara-super-copa-campeones-vs-atletico-nacional\/2017\/07","title":{"rendered":"Chivas jugar\u00e1 S\u00faper Copa de Campeones vs Atl\u00e9tico Nacional"},"content":{"rendered":"<p>Las <strong>Chivas<\/strong> jugar\u00e1n la <strong>S\u00faper Copa de Campeones<\/strong> ante el cuadro colombiano del <strong>Atl\u00e9tico Nacional<\/strong>.<\/p>\n<p>El conjunto del Reba\u00f1o anunci\u00f3 el encuentro a trav\u00e9s de sus redes sociales, se llevar\u00e1 a cabo entre el campe\u00f3n de la <strong>Liga MX<\/strong> y el campe\u00f3n de Colombia.<\/p>\n<p style=\"text-align: center;\"><span style=\"color: #333399;\"><a style=\"color: #333399;\" href=\"https:\/\/www.futboltotal.com.mx\/2017\/07\/te-acuerdas-de-duelos-epicos-cruz-azul-vs-chivas\/\" target=\"_blank\" rel=\"noopener noreferrer\">VER M\u00c1S: Duelos \u00e9picos entre Chivas y Cruz Azul<\/a><\/span><\/p>\n<p>El duelo se llevar\u00e1 a cabo en los Estados Unidos, el\u00a0<strong>Red Bull Arena<\/strong>\u00a0de\u00a0Nueva York ser\u00e1 el escenario que testigo del partido.<\/p>\n<p>Los boletos para el duelo saldr\u00e1n a trav\u00e9s de Ticketmaster el pr\u00f3ximo 1 de agosto.<\/p>\n<blockquote class=\"twitter-tweet\" data-lang=\"es\">\n<p dir=\"ltr\" lang=\"es\">&#x1f64c; \u00a1El Campe\u00f3n de &#x1f1f2;&#x1f1fd; vs. el Campe\u00f3n de &#x1f1e8;&#x1f1f4;! &#x1f4aa; Checa en d\u00f3nde se jugar\u00e1 la Super Copa de Campeones &#x1f3c6;&#x1f449;<a href=\"https:\/\/t.co\/RWHQqvNcfi\">https:\/\/t.co\/RWHQqvNcfi<\/a> <a href=\"https:\/\/t.co\/kH0ueEhHbw\">pic.twitter.com\/kH0ueEhHbw<\/a><\/p>\n<p>\u2014 CHIVAS (@Chivas) <a href=\"https:\/\/twitter.com\/Chivas\/status\/890754688810967040\">28 de julio de 2017<\/a><\/p><\/blockquote>\n<p><script async src=\"\/\/platform.twitter.com\/widgets.js\" charset=\"utf-8\"><\/script><\/p>\n<p style=\"text-align: center;\"><span style=\"color: #333399;\"><a style=\"color: #333399;\" href=\"https:\/\/www.futboltotal.com.mx\/2017\/07\/neymar-casi-pelea-semedo-companero-barcelona\/\" target=\"_blank\" rel=\"noopener noreferrer\">VER M\u00c1S: Neymar casi llega a los golpes con un compa\u00f1ero del Barcelona<\/a><\/span><\/p>\n","protected":false},"excerpt":{"rendered":"<p>El Reba\u00f1o tendr\u00e1 un duelo de campeones que se jugar\u00e1 en Estados Unidos<\/p>\n","protected":false},"author":20,"featured_media":488881,"comment_status":"closed","ping_status":"closed","sticky":false,"template":"","format":"standard","meta":[],"categories":[2198],"tags":[2075,70,310],"_links":{"self":[{"href":"http:\/\/desarrollo.grupomedios.com\/futbol\/wp-json\/wp\/v2\/posts\/490742"}],"collection":[{"href":"http:\/\/desarrollo.grupomedios.com\/futbol\/wp-json\/wp\/v2\/posts"}],"about":[{"href":"http:\/\/desarrollo.grupomedios.com\/futbol\/wp-json\/wp\/v2\/types\/post"}],"author":[{"embeddable":true,"href":"http:\/\/desarrollo.grupomedios.com\/futbol\/wp-json\/wp\/v2\/users\/20"}],"replies":[{"embeddable":true,"href":"http:\/\/desarrollo.grupomedios.com\/futbol\/wp-json\/wp\/v2\/comments?post=490742"}],"version-history":[{"count":1,"href":"http:\/\/desarrollo.grupomedios.com\/futbol\/wp-json\/wp\/v2\/posts\/490742\/revisions"}],"predecessor-version":[{"id":490746,"href":"http:\/\/desarrollo.grupomedios.com\/futbol\/wp-json\/wp\/v2\/posts\/490742\/revisions\/490746"}],"wp:featuredmedia":[{"embeddable":true,"href":"http:\/\/desarrollo.grupomedios.com\/futbol\/wp-json\/wp\/v2\/media\/488881"}],"wp:attachment":[{"href":"http:\/\/desarrollo.grupomedios.com\/futbol\/wp-json\/wp\/v2\/media?parent=490742"}],"wp:term":[{"taxonomy":"category","embeddable":true,"href":"http:\/\/desarrollo.grupomedios.com\/futbol\/wp-json\/wp\/v2\/categories?post=490742"},{"taxonomy":"post_tag","embeddable":true,"href":"http:\/\/desarrollo.grupomedios.com\/futbol\/wp-json\/wp\/v2\/tags?post=490742"}],"curies":[{"name":"wp","href":"https:\/\/api.w.org\/{rel}","templated":true}]}}