{"id":490745,"date":"2017-07-28T09:38:18","date_gmt":"2017-07-28T14:38:18","guid":{"rendered":"https:\/\/www.futboltotal.com.mx\/?p=490745"},"modified":"2017-07-28T09:38:18","modified_gmt":"2017-07-28T14:38:18","slug":"hugo-sanchez-pide-despidan-a-osorio-del-tri","status":"publish","type":"post","link":"http:\/\/desarrollo.grupomedios.com\/futbol\/destacado-home\/hugo-sanchez-pide-despidan-a-osorio-del-tri\/2017\/07","title":{"rendered":"Hugo S\u00e1nchez pide que despidan a Osorio del Tri"},"content":{"rendered":"<p>El ex futbolista y en su momento t\u00e9cnico de la <strong>Selecci\u00f3n Mexicana<\/strong>, <strong>Hugo S\u00e1nchez<\/strong>, en los \u00faltimos meses ha sido uno de los mayores detractores del actual entrenador del <em><strong>Tri<\/strong><\/em>, el colombiano <strong>Juan Carlos Osorio<\/strong>, y luego de los \u00faltimos resultados en las pasadas\u00a0<strong>Copa Confederaciones<\/strong> y <strong>Copa Oro<\/strong> ha pedido que los directivos despidan al sudamericano.<\/p>\n<p>En entrevista con el diario Diez de Honduras, el <em>Pentapichichi<\/em> fue cuestionado sobre el trabajo de <strong>Osorio<\/strong> al frente del equipo mexicano, as\u00ed como del tambi\u00e9n colombiano <strong>Jorge Luis Pinto<\/strong>, quien est\u00e1 a cargo del seleccionado hondure\u00f1o, asegurando que ni los estilos de juego ni los resultados avalan a ambos.<\/p>\n<p style=\"text-align: center;\"><a href=\"https:\/\/www.futboltotal.com.mx\/2017\/07\/te-acuerdas-de-duelos-epicos-cruz-azul-vs-chivas\/\" target=\"_blank\" rel=\"noopener noreferrer\"><span style=\"color: #333399;\">VER M\u00c1S: \u00bfTe acuerdas de&#8230; duelos \u00e9picos en los Cruz Azul vs. Chivas?<\/span><\/a><\/p>\n<p>&#8220;Es dif\u00edcil el panorama de <strong>Honduras<\/strong> y <strong>M\u00e9xico<\/strong> porque se crea una sinergia que no agrada el estilo de trabajar o como se est\u00e1 desarrollando el futbol dentro de la Selecci\u00f3n y no me extra\u00f1a que haya quejas y cr\u00edticas para buscar que haya un revulsivo y un cambio que permita esa ilusi\u00f3n y esa imagen que debe de darse&#8221;, dijo <strong>Hugo<\/strong>.<\/p>\n<p>Pero el otrora goleador no se qued\u00f3 ah\u00ed. <strong>S\u00e1nchez<\/strong> pidi\u00f3 que los directivos tanto de M\u00e9xico como de Honduras tomen medidas inmediatas y despidan tanto a <strong>Osorio<\/strong> como a <strong>Pinto<\/strong>.<\/p>\n<p>&#8220;Tanto en Honduras como en M\u00e9xico no tiene ni estilo con tantos cambios y jugadores que no juegan en su posici\u00f3n se sientan c\u00f3modos y exhibidos. En Honduras pasa algo similar y, por el bien de Honduras y M\u00e9xico, que cambien el cuerpo t\u00e9cnico lo m\u00e1s pronto posible y mostrar una imagen verdadera y potencial futbol\u00edstico que tiene tanto M\u00e9xico como Honduras&#8221;, asegur\u00f3 el ahora comentarista de televisi\u00f3n.<\/p>\n<p style=\"text-align: center;\"><a href=\"https:\/\/www.futboltotal.com.mx\/2017\/07\/neymar-casi-pelea-semedo-companero-barcelona\/\" target=\"_blank\" rel=\"noopener noreferrer\"><span style=\"color: #333399;\">VER M\u00c1S: Neymar casi se pelea con Semedo en pr\u00e1ctica del Barcelona<\/span><\/a><\/p>\n","protected":false},"excerpt":{"rendered":"<p>El Pentapichichi pidi\u00f3 las cabezas de Osorio y de su compatriota Pinto en Honduras.<\/p>\n","protected":false},"author":20,"featured_media":490749,"comment_status":"closed","ping_status":"closed","sticky":false,"template":"","format":"standard","meta":[],"categories":[5,3839,2198,3847],"tags":[800,448,786,6196,65,409],"_links":{"self":[{"href":"http:\/\/desarrollo.grupomedios.com\/futbol\/wp-json\/wp\/v2\/posts\/490745"}],"collection":[{"href":"http:\/\/desarrollo.grupomedios.com\/futbol\/wp-json\/wp\/v2\/posts"}],"about":[{"href":"http:\/\/desarrollo.grupomedios.com\/futbol\/wp-json\/wp\/v2\/types\/post"}],"author":[{"embeddable":true,"href":"http:\/\/desarrollo.grupomedios.com\/futbol\/wp-json\/wp\/v2\/users\/20"}],"replies":[{"embeddable":true,"href":"http:\/\/desarrollo.grupomedios.com\/futbol\/wp-json\/wp\/v2\/comments?post=490745"}],"version-history":[{"count":1,"href":"http:\/\/desarrollo.grupomedios.com\/futbol\/wp-json\/wp\/v2\/posts\/490745\/revisions"}],"predecessor-version":[{"id":490751,"href":"http:\/\/desarrollo.grupomedios.com\/futbol\/wp-json\/wp\/v2\/posts\/490745\/revisions\/490751"}],"wp:featuredmedia":[{"embeddable":true,"href":"http:\/\/desarrollo.grupomedios.com\/futbol\/wp-json\/wp\/v2\/media\/490749"}],"wp:attachment":[{"href":"http:\/\/desarrollo.grupomedios.com\/futbol\/wp-json\/wp\/v2\/media?parent=490745"}],"wp:term":[{"taxonomy":"category","embeddable":true,"href":"http:\/\/desarrollo.grupomedios.com\/futbol\/wp-json\/wp\/v2\/categories?post=490745"},{"taxonomy":"post_tag","embeddable":true,"href":"http:\/\/desarrollo.grupomedios.com\/futbol\/wp-json\/wp\/v2\/tags?post=490745"}],"curies":[{"name":"wp","href":"https:\/\/api.w.org\/{rel}","templated":true}]}}