{"id":490777,"date":"2017-07-28T11:51:45","date_gmt":"2017-07-28T16:51:45","guid":{"rendered":"https:\/\/www.futboltotal.com.mx\/?p=490777"},"modified":"2017-07-28T11:51:45","modified_gmt":"2017-07-28T16:51:45","slug":"faitelson-critico-a-jonathan-dos-santos-termina-trolleado","status":"publish","type":"post","link":"http:\/\/desarrollo.grupomedios.com\/futbol\/futbol-internacional\/faitelson-critico-a-jonathan-dos-santos-termina-trolleado\/2017\/07","title":{"rendered":"Faitelson critic\u00f3 a Jonathan Dos Santos y termina trolleado"},"content":{"rendered":"<p>El reciente fichaje del mexicano <strong>Jonathan Dos Santos<\/strong> por el <strong>LA Galaxy<\/strong> de la <strong>MLS<\/strong>, donde jugar\u00e1 al lado de su hermano <strong>Giovani<\/strong>, gener\u00f3 una serie de cr\u00edticas contra la decisi\u00f3n del mediocampista, viniendo una de ellas por parte del periodista <strong>David Faitelson<\/strong>.<\/p>\n<p>El colaborador de ESPN us\u00f3 las redes sociales para reprochar el traspaso del menor de los hermanos <strong>Dos Santos<\/strong>, que dej\u00f3 al <strong>Villarreal<\/strong> de la Liga espa\u00f1ola por un importante contrato econ\u00f3mico para jugar en el futbol estadounidense.<\/p>\n<p><strong>Faitelson<\/strong> public\u00f3: &#8220;La seducci\u00f3n de los d\u00f3lares y la vida sin presiones. Los futbolistas mexicanos ceden ante la MLS. Jonathan Dos Santos&#8230;\u00bfel que sigue?&#8221;.<\/p>\n<p>Sin embargo, el ex futbolista brasile\u00f1o <strong>Antonio Carlos Santos<\/strong>, con quien ya ha tenido problemas en el pasado, le respondi\u00f3 de forma contundente para empezar la trolleada contra el comentarista deportivo.<\/p>\n<p>&nbsp;<\/p>\n<blockquote class=\"twitter-tweet\" data-lang=\"es\">\n<p dir=\"ltr\" lang=\"es\">Mi estimado David cuando cambiaste Tv Azteca para vivir en USA no fue por cari\u00f1o a la profesi\u00f3n sino por mejorar tu aspecto econ\u00f3mico<\/p>\n<p>\u2014 Carlos Santos (@negrosantos13) <a href=\"https:\/\/twitter.com\/negrosantos13\/status\/890285294083219456\">26 de julio de 2017<\/a><\/p><\/blockquote>\n<p><script async src=\"\/\/platform.twitter.com\/widgets.js\" charset=\"utf-8\"><\/script><\/p>\n<p>Asimismo, otro ex jugador, el mexicano <strong>Braulio Luna<\/strong>, hizo lo mismo y con un tono claramente sarc\u00e1stico le respondi\u00f3 recordando su cambio de TV Azteca (cadena mexicana) por ESPN (cadena estadounidense).<\/p>\n<p>&nbsp;<\/p>\n<blockquote class=\"twitter-tweet\" data-lang=\"es\">\n<p dir=\"ltr\" lang=\"es\">eeeesteeee .. Hello .. Que horas traes .. T\u00fa no vendes pi\u00f1as eh .. Te sali\u00f3 sangre de la boca .. el comal le dijo a la olla .. <a href=\"https:\/\/t.co\/4a6STDiG4x\">https:\/\/t.co\/4a6STDiG4x<\/a><\/p>\n<p>\u2014 Braulio Luna Guzm\u00e1n (@ruco11) <a href=\"https:\/\/twitter.com\/ruco11\/status\/890269083236618240\">26 de julio de 2017<\/a><\/p><\/blockquote>\n<p><script async src=\"\/\/platform.twitter.com\/widgets.js\" charset=\"utf-8\"><\/script><\/p>\n<p>&nbsp;<\/p>\n<blockquote class=\"twitter-tweet\" data-lang=\"es\">\n<p dir=\"ltr\" lang=\"es\">Cada quien toma las decisiones de acuerdo a lo que cree que es mejor para su vida y su profesi\u00f3n,ya lo que digan los dem\u00e1s es lo de menos<\/p>\n<p>\u2014 Braulio Luna Guzm\u00e1n (@ruco11) <a href=\"https:\/\/twitter.com\/ruco11\/status\/890269679511511040\">26 de julio de 2017<\/a><\/p><\/blockquote>\n<p><script async src=\"\/\/platform.twitter.com\/widgets.js\" charset=\"utf-8\"><\/script><\/p>\n<p>Ese mismo reproche lo recibi\u00f3 por parte de <strong>H\u00e9rculez G\u00f3mez<\/strong>, ya retirado futbolista mexicoamericano, quien actualmente tambi\u00e9n colabora para ESPN y le record\u00f3 su cambio de Ciudad de M\u00e9xico a Los Angeles.<\/p>\n<p>&nbsp;<\/p>\n<blockquote class=\"twitter-tweet\" data-lang=\"es\">\n<p dir=\"ltr\" lang=\"es\">\u00bfNo fue eso lo que te trajo a Los Angeles, David?    <a href=\"https:\/\/t.co\/WnsUrO9BV7\">https:\/\/t.co\/WnsUrO9BV7<\/a><\/p>\n<p>\u2014 herculez gomez (@herculezg) <a href=\"https:\/\/twitter.com\/herculezg\/status\/890262161871708160\">26 de julio de 2017<\/a><\/p><\/blockquote>\n<p><script async src=\"\/\/platform.twitter.com\/widgets.js\" charset=\"utf-8\"><\/script><\/p>\n","protected":false},"excerpt":{"rendered":"<p>Hasta tres ex futbolitas defendieron a Jonathan y trollearon al periodista.<\/p>\n","protected":false},"author":20,"featured_media":490779,"comment_status":"closed","ping_status":"closed","sticky":false,"template":"","format":"standard","meta":[],"categories":[5419,3839,3844,6718,7580],"tags":[7011,3779,6501,1590,48,1098,195],"_links":{"self":[{"href":"http:\/\/desarrollo.grupomedios.com\/futbol\/wp-json\/wp\/v2\/posts\/490777"}],"collection":[{"href":"http:\/\/desarrollo.grupomedios.com\/futbol\/wp-json\/wp\/v2\/posts"}],"about":[{"href":"http:\/\/desarrollo.grupomedios.com\/futbol\/wp-json\/wp\/v2\/types\/post"}],"author":[{"embeddable":true,"href":"http:\/\/desarrollo.grupomedios.com\/futbol\/wp-json\/wp\/v2\/users\/20"}],"replies":[{"embeddable":true,"href":"http:\/\/desarrollo.grupomedios.com\/futbol\/wp-json\/wp\/v2\/comments?post=490777"}],"version-history":[{"count":1,"href":"http:\/\/desarrollo.grupomedios.com\/futbol\/wp-json\/wp\/v2\/posts\/490777\/revisions"}],"predecessor-version":[{"id":490780,"href":"http:\/\/desarrollo.grupomedios.com\/futbol\/wp-json\/wp\/v2\/posts\/490777\/revisions\/490780"}],"wp:featuredmedia":[{"embeddable":true,"href":"http:\/\/desarrollo.grupomedios.com\/futbol\/wp-json\/wp\/v2\/media\/490779"}],"wp:attachment":[{"href":"http:\/\/desarrollo.grupomedios.com\/futbol\/wp-json\/wp\/v2\/media?parent=490777"}],"wp:term":[{"taxonomy":"category","embeddable":true,"href":"http:\/\/desarrollo.grupomedios.com\/futbol\/wp-json\/wp\/v2\/categories?post=490777"},{"taxonomy":"post_tag","embeddable":true,"href":"http:\/\/desarrollo.grupomedios.com\/futbol\/wp-json\/wp\/v2\/tags?post=490777"}],"curies":[{"name":"wp","href":"https:\/\/api.w.org\/{rel}","templated":true}]}}