{"id":490796,"date":"2017-07-28T13:15:40","date_gmt":"2017-07-28T18:15:40","guid":{"rendered":"https:\/\/www.futboltotal.com.mx\/?p=490796"},"modified":"2017-07-28T13:15:40","modified_gmt":"2017-07-28T18:15:40","slug":"carlos-vela-real-sociedad-ya-rechazaron-ofertas-clubes","status":"publish","type":"post","link":"http:\/\/desarrollo.grupomedios.com\/futbol\/futbol-internacional\/carlos-vela-real-sociedad-ya-rechazaron-ofertas-clubes\/2017\/07","title":{"rendered":"Carlos Vela y Real Sociedad ya rechazaron ofertas de clubes"},"content":{"rendered":"<p>Los rumores en torno a <strong>Carlos<\/strong> <strong>Vela<\/strong> y cu\u00e1l ser\u00e1 el equipo con el que juegue la pr\u00f3xima temporada lo han colocado en clubes como <strong>Lyon<\/strong>, <strong>Marsella<\/strong>, <strong>Roma<\/strong>, equipos de la <strong>MLS<\/strong> y recientemente el <strong>Betis<\/strong> espa\u00f1ol de su compatriota <strong>Andr\u00e9s<\/strong> <strong>Guardado<\/strong>, pero tanto su actual escuadra, la <strong>Real<\/strong> <strong>Sociedad<\/strong>, as\u00ed como el propio delantero mexicano a\u00fan no han aceptado propuesta alguna.<\/p>\n<p>Esta informaci\u00f3n fue dada a conocer por el propio presidente del club <em>Txuri-urdin<\/em>, Jokin Aperribay, quien acept\u00f3 que ya han recibido ofertas de m\u00e1s de un equipo.<\/p>\n<p style=\"text-align: center;\"><a href=\"https:\/\/www.futboltotal.com.mx\/2017\/07\/gaston-silva-llegara-a-pumas-aseguran-en-argentina\/\" target=\"_blank\" rel=\"noopener noreferrer\"><span style=\"color: #333399;\">VER M\u00c1S: Aseguran en Argentina que Gast\u00f3n Silva no jugar\u00e1 con Pumas<\/span><\/a><\/p>\n<p>&#8220;(<strong>Carlos<\/strong>) <strong>Vela<\/strong> es un jugador importante y s\u00ed que ha habido clubes que han llamado presentado ofertas, pero tanto el jugador como la Real las hemos rechazado.<\/p>\n<p>&#8220;El verano es largo y veremos que pasa. Estamos contentos con la plantilla que tenemos, pero queda a\u00fan mucho mercado&#8221;, dijo el directivo de los vascos, lo que hace pensar que la salida de Vela es altamente probable, aunque a\u00fan no haya noticias.<\/p>\n<p style=\"text-align: center;\"><a href=\"https:\/\/www.futboltotal.com.mx\/2017\/07\/diego-reyes-ya-fichara-stuttgart-culpa-del-porto\/\" target=\"_blank\" rel=\"noopener noreferrer\"><span style=\"color: #333399;\">VER M\u00c1S: Diego Reyes ya no fichar\u00e1 con Stuttgart por culpa del Porto<\/span><\/a><\/p>\n","protected":false},"excerpt":{"rendered":"<p>Varios equipos han querido fichar a Vela, pero el club vasco no las acept\u00f3.<\/p>\n","protected":false},"author":20,"featured_media":480471,"comment_status":"closed","ping_status":"closed","sticky":false,"template":"","format":"standard","meta":[],"categories":[7740,3839,3844,6718],"tags":[6048,9539,102],"_links":{"self":[{"href":"http:\/\/desarrollo.grupomedios.com\/futbol\/wp-json\/wp\/v2\/posts\/490796"}],"collection":[{"href":"http:\/\/desarrollo.grupomedios.com\/futbol\/wp-json\/wp\/v2\/posts"}],"about":[{"href":"http:\/\/desarrollo.grupomedios.com\/futbol\/wp-json\/wp\/v2\/types\/post"}],"author":[{"embeddable":true,"href":"http:\/\/desarrollo.grupomedios.com\/futbol\/wp-json\/wp\/v2\/users\/20"}],"replies":[{"embeddable":true,"href":"http:\/\/desarrollo.grupomedios.com\/futbol\/wp-json\/wp\/v2\/comments?post=490796"}],"version-history":[{"count":1,"href":"http:\/\/desarrollo.grupomedios.com\/futbol\/wp-json\/wp\/v2\/posts\/490796\/revisions"}],"predecessor-version":[{"id":490801,"href":"http:\/\/desarrollo.grupomedios.com\/futbol\/wp-json\/wp\/v2\/posts\/490796\/revisions\/490801"}],"wp:featuredmedia":[{"embeddable":true,"href":"http:\/\/desarrollo.grupomedios.com\/futbol\/wp-json\/wp\/v2\/media\/480471"}],"wp:attachment":[{"href":"http:\/\/desarrollo.grupomedios.com\/futbol\/wp-json\/wp\/v2\/media?parent=490796"}],"wp:term":[{"taxonomy":"category","embeddable":true,"href":"http:\/\/desarrollo.grupomedios.com\/futbol\/wp-json\/wp\/v2\/categories?post=490796"},{"taxonomy":"post_tag","embeddable":true,"href":"http:\/\/desarrollo.grupomedios.com\/futbol\/wp-json\/wp\/v2\/tags?post=490796"}],"curies":[{"name":"wp","href":"https:\/\/api.w.org\/{rel}","templated":true}]}}