{"id":490797,"date":"2017-07-28T13:10:48","date_gmt":"2017-07-28T18:10:48","guid":{"rendered":"https:\/\/www.futboltotal.com.mx\/?p=490797"},"modified":"2017-07-28T13:10:48","modified_gmt":"2017-07-28T18:10:48","slug":"hector-moreno-se-encuentra-cafu","status":"publish","type":"post","link":"http:\/\/desarrollo.grupomedios.com\/futbol\/futbol-internacional\/hector-moreno-se-encuentra-cafu\/2017\/07","title":{"rendered":"H\u00e9ctor Moreno se encuentra con Caf\u00fa"},"content":{"rendered":"<p>El defensa central mexicano, <strong>H\u00e9ctor Moreno<\/strong>, nuevo refuerzo del <strong>AS Roma<\/strong>, se encontr\u00f3 con la leyenda brasile\u00f1a.<\/p>\n<p style=\"text-align: center;\"><span style=\"color: #333399;\"><a style=\"color: #333399;\" href=\"https:\/\/www.futboltotal.com.mx\/2017\/07\/gaston-silva-llegara-a-pumas-aseguran-en-argentina\/\" target=\"_blank\" rel=\"noopener noreferrer\">VER M\u00c1S: Gast\u00f3n Silva se echa para atr\u00e1s y no llegar\u00e1 a Pumas<\/a><\/span><\/p>\n<p><strong>Caf\u00fa<\/strong>, el lateral brasile\u00f1o, estuvo presente en el entrenamiento del conjunto de <strong>La Loba<\/strong> y salud\u00f3 a los futbolistas. Entre ellos estuvo el central mexicano.<\/p>\n<p>Con la Roma jug\u00f3 de 1997 al 2003, gan\u00f3 una <strong>Serie A<\/strong> y una <strong>S\u00faper Copa de Italia<\/strong>.<\/p>\n<p style=\"text-align: center;\"><span style=\"color: #333399;\"><a style=\"color: #333399;\" href=\"https:\/\/www.futboltotal.com.mx\/2017\/07\/liverpool-le-quitaria-a-chicharito-a-mejor-socio\/\" target=\"_blank\" rel=\"noopener noreferrer\">VER M\u00c1S: Chicharito se quedar\u00e1 sin una pieza fundamental en el West Ham<\/a><\/span><\/p>\n<p><a href=\"https:\/\/www.futboltotal.com.mx\/wp-content\/uploads\/2017\/07\/cafu-y-hector-moreno.jpg\"><img decoding=\"async\" loading=\"lazy\" class=\"alignnone size-full wp-image-490798\" src=\"https:\/\/www.futboltotal.com.mx\/wp-content\/uploads\/2017\/07\/cafu-y-hector-moreno.jpg\" alt=\"H\u00e9ctor Moreno se encuentra con Caf\u00fa 0\" srcset=\"http:\/\/desarrollo.grupomedios.com\/futbol\/wp-content\/uploads\/2017\/07\/cafu-y-hector-moreno.jpg 1200w, http:\/\/desarrollo.grupomedios.com\/futbol\/wp-content\/uploads\/2017\/07\/cafu-y-hector-moreno-300x200.jpg 300w, http:\/\/desarrollo.grupomedios.com\/futbol\/wp-content\/uploads\/2017\/07\/cafu-y-hector-moreno-768x512.jpg 768w, http:\/\/desarrollo.grupomedios.com\/futbol\/wp-content\/uploads\/2017\/07\/cafu-y-hector-moreno-1024x683.jpg 1024w\" sizes=\"(max-width: 1200px) 100vw, 1200px\" \/><\/a><\/p>\n<p>&nbsp;<\/p>\n","protected":false},"excerpt":{"rendered":"<p>H\u00e9ctor Moreno tuvo un encuentro con la leyenda del futbol brasile\u00f1o<\/p>\n","protected":false},"author":20,"featured_media":489265,"comment_status":"closed","ping_status":"closed","sticky":false,"template":"","format":"standard","meta":[],"categories":[3839],"tags":[8469,5987,320],"_links":{"self":[{"href":"http:\/\/desarrollo.grupomedios.com\/futbol\/wp-json\/wp\/v2\/posts\/490797"}],"collection":[{"href":"http:\/\/desarrollo.grupomedios.com\/futbol\/wp-json\/wp\/v2\/posts"}],"about":[{"href":"http:\/\/desarrollo.grupomedios.com\/futbol\/wp-json\/wp\/v2\/types\/post"}],"author":[{"embeddable":true,"href":"http:\/\/desarrollo.grupomedios.com\/futbol\/wp-json\/wp\/v2\/users\/20"}],"replies":[{"embeddable":true,"href":"http:\/\/desarrollo.grupomedios.com\/futbol\/wp-json\/wp\/v2\/comments?post=490797"}],"version-history":[{"count":1,"href":"http:\/\/desarrollo.grupomedios.com\/futbol\/wp-json\/wp\/v2\/posts\/490797\/revisions"}],"predecessor-version":[{"id":490799,"href":"http:\/\/desarrollo.grupomedios.com\/futbol\/wp-json\/wp\/v2\/posts\/490797\/revisions\/490799"}],"wp:featuredmedia":[{"embeddable":true,"href":"http:\/\/desarrollo.grupomedios.com\/futbol\/wp-json\/wp\/v2\/media\/489265"}],"wp:attachment":[{"href":"http:\/\/desarrollo.grupomedios.com\/futbol\/wp-json\/wp\/v2\/media?parent=490797"}],"wp:term":[{"taxonomy":"category","embeddable":true,"href":"http:\/\/desarrollo.grupomedios.com\/futbol\/wp-json\/wp\/v2\/categories?post=490797"},{"taxonomy":"post_tag","embeddable":true,"href":"http:\/\/desarrollo.grupomedios.com\/futbol\/wp-json\/wp\/v2\/tags?post=490797"}],"curies":[{"name":"wp","href":"https:\/\/api.w.org\/{rel}","templated":true}]}}