{"id":490809,"date":"2017-07-28T14:47:30","date_gmt":"2017-07-28T19:47:30","guid":{"rendered":"https:\/\/www.futboltotal.com.mx\/?p=490809"},"modified":"2017-07-28T14:47:30","modified_gmt":"2017-07-28T19:47:30","slug":"juan-carlos-osorio-fue-maltratado-por-aficion-hector-moreno","status":"publish","type":"post","link":"http:\/\/desarrollo.grupomedios.com\/futbol\/futbol-mexicano\/juan-carlos-osorio-fue-maltratado-por-aficion-hector-moreno\/2017\/07","title":{"rendered":"Juan Carlos Osorio fue maltratado por afici\u00f3n: H\u00e9ctor Moreno"},"content":{"rendered":"<p>El entrenador Juan Carlos Osorio fue insultado durante su llegada al Aeropuerto de la Ciudad de M\u00e9xico, despu\u00e9s del fracaso en la Copa Oro, y esta situaci\u00f3n fue calificada como &#8220;triste y decepcionante&#8221; para el defensa mexicano H\u00e9ctor Moreno.<\/p>\n<p>El nuevo zaguero de la Roma afirm\u00f3 en conferencia de prensa que no se vale la actitud que tomaron los aficionados mexicanos hacia el entrenador del Tri, despu\u00e9s de que &#8220;todos merecemos respeto, y no importa si su trabajo es de dominio p\u00fablico. Nos quejamos por c\u00f3mo nos tratan en EU, y nosotros aqu\u00ed hacemos lo mismo&#8221;.<\/p>\n<p style=\"text-align: center;\"><span style=\"color: #333399;\"><a style=\"color: #333399;\" href=\"https:\/\/www.futboltotal.com.mx\/2017\/07\/alfredo-talavera-pensado-llegar-a-la-mls\/\">VER M\u00c1S:\u00a0Alfredo Talavera tiene pensado llegar a la MLS<\/a><\/span><\/p>\n<p>Moreno se\u00f1al\u00f3 que Osorio &#8220;es una persona que desea el bien de la Selecci\u00f3n Mexicana, y no se vale el trato que le est\u00e1 dando la afici\u00f3n&#8221;.<\/p>\n<p>Finalmente, H\u00e9ctor Moreno sentenci\u00f3 que el hecho de que M\u00e9xico no llegara a la Final de la Copa Oro, no fue un fracaso porque &#8220;se prob\u00f3 a jugadores j\u00f3venes que estar\u00e1n en la selecci\u00f3n&#8221; m\u00e1s adelante.<\/p>\n<p style=\"text-align: center;\"><span style=\"color: #333399;\"><a style=\"color: #333399;\" href=\"https:\/\/www.futboltotal.com.mx\/2017\/07\/carlos-vela-real-sociedad-ya-rechazaron-ofertas-clubes\/\">VER M\u00c1S:\u00a0Carlos Vela y Real Sociedad ya rechazaron ofertas de clubes<\/a><\/span><\/p>\n","protected":false},"excerpt":{"rendered":"<p>El defensa de la Roma defendi\u00f3 al t\u00e9cnico del Tri y asegur\u00f3 que los resultados le dan la raz\u00f3n<\/p>\n","protected":false},"author":20,"featured_media":490810,"comment_status":"closed","ping_status":"closed","sticky":false,"template":"","format":"standard","meta":[],"categories":[2198,3847],"tags":[5987,6196],"_links":{"self":[{"href":"http:\/\/desarrollo.grupomedios.com\/futbol\/wp-json\/wp\/v2\/posts\/490809"}],"collection":[{"href":"http:\/\/desarrollo.grupomedios.com\/futbol\/wp-json\/wp\/v2\/posts"}],"about":[{"href":"http:\/\/desarrollo.grupomedios.com\/futbol\/wp-json\/wp\/v2\/types\/post"}],"author":[{"embeddable":true,"href":"http:\/\/desarrollo.grupomedios.com\/futbol\/wp-json\/wp\/v2\/users\/20"}],"replies":[{"embeddable":true,"href":"http:\/\/desarrollo.grupomedios.com\/futbol\/wp-json\/wp\/v2\/comments?post=490809"}],"version-history":[{"count":1,"href":"http:\/\/desarrollo.grupomedios.com\/futbol\/wp-json\/wp\/v2\/posts\/490809\/revisions"}],"predecessor-version":[{"id":490811,"href":"http:\/\/desarrollo.grupomedios.com\/futbol\/wp-json\/wp\/v2\/posts\/490809\/revisions\/490811"}],"wp:featuredmedia":[{"embeddable":true,"href":"http:\/\/desarrollo.grupomedios.com\/futbol\/wp-json\/wp\/v2\/media\/490810"}],"wp:attachment":[{"href":"http:\/\/desarrollo.grupomedios.com\/futbol\/wp-json\/wp\/v2\/media?parent=490809"}],"wp:term":[{"taxonomy":"category","embeddable":true,"href":"http:\/\/desarrollo.grupomedios.com\/futbol\/wp-json\/wp\/v2\/categories?post=490809"},{"taxonomy":"post_tag","embeddable":true,"href":"http:\/\/desarrollo.grupomedios.com\/futbol\/wp-json\/wp\/v2\/tags?post=490809"}],"curies":[{"name":"wp","href":"https:\/\/api.w.org\/{rel}","templated":true}]}}