{"id":490856,"date":"2017-07-28T18:15:36","date_gmt":"2017-07-28T23:15:36","guid":{"rendered":"https:\/\/www.futboltotal.com.mx\/?p=490856"},"modified":"2017-07-28T18:16:13","modified_gmt":"2017-07-28T23:16:13","slug":"raul-ruidiaz-no-quiere-seguir-en-morelia","status":"publish","type":"post","link":"http:\/\/desarrollo.grupomedios.com\/futbol\/futbol-mexicano\/raul-ruidiaz-no-quiere-seguir-en-morelia\/2017\/07","title":{"rendered":"Ruid\u00edaz no quiere seguir en Morelia"},"content":{"rendered":"<p>El delantero peruano <strong>Ra\u00fal Ruid\u00edaz<\/strong> se ha convertido en el &#8220;hombre inc\u00f3modo&#8221; de Monarcas <strong>Morelia<\/strong>.<\/p>\n<p>En la Jornada 1, el actual bicampe\u00f3n de goleo vio acci\u00f3n hasta el segundo tiempo del empate entre <em>Monarcas y Rayados<\/em>.<\/p>\n<p style=\"text-align: center;\"><span style=\"color: #333399;\"><a style=\"color: #333399;\" href=\"https:\/\/www.futboltotal.com.mx\/2017\/07\/filtran-fotos-intimas-esposa-mateus-uribe\/\">VER M\u00c1S:\u00a0<span class=\"item-title\">Filtran fotos \u00edntimas de esposa de Mateus Uribe<\/span><\/a><\/span><\/p>\n<p>Sin embargo, el periodista\u00a0David Medrano en su columna del diario Record inform\u00f3 que no existe una oferta formal por el futbol de China o Arabia por el delantero.<\/p>\n<p>Esta situaci\u00f3n no ha sido tomada de buena manera por Ruid\u00edaz, quien ha acusado una lesi\u00f3n y por eso no se encontrar\u00e1 a disposici\u00f3n del t\u00e9cnico Roberto Hern\u00e1ndez para el juego contra Puebla.<\/p>\n<p style=\"text-align: center;\"><span style=\"color: #333399;\"><a style=\"color: #333399;\" href=\"https:\/\/www.futboltotal.com.mx\/2017\/07\/te-acuerdas-de-la-final-que-pachuca-le-gano-al-america\/\">VER M\u00c1S:\u00a0<span class=\"item-title\">\u00bfTe acuerdas de\u2026 la final que Pachuca le gan\u00f3 al Am\u00e9rica?<\/span><\/a><\/span><\/p>\n<p style=\"text-align: center;\">\n","protected":false},"excerpt":{"rendered":"<p>El delantero peruano no saldr\u00eda este torneo de Monarcas<\/p>\n","protected":false},"author":20,"featured_media":490857,"comment_status":"closed","ping_status":"closed","sticky":false,"template":"","format":"standard","meta":[],"categories":[2198,3845],"tags":[5967,7620],"_links":{"self":[{"href":"http:\/\/desarrollo.grupomedios.com\/futbol\/wp-json\/wp\/v2\/posts\/490856"}],"collection":[{"href":"http:\/\/desarrollo.grupomedios.com\/futbol\/wp-json\/wp\/v2\/posts"}],"about":[{"href":"http:\/\/desarrollo.grupomedios.com\/futbol\/wp-json\/wp\/v2\/types\/post"}],"author":[{"embeddable":true,"href":"http:\/\/desarrollo.grupomedios.com\/futbol\/wp-json\/wp\/v2\/users\/20"}],"replies":[{"embeddable":true,"href":"http:\/\/desarrollo.grupomedios.com\/futbol\/wp-json\/wp\/v2\/comments?post=490856"}],"version-history":[{"count":1,"href":"http:\/\/desarrollo.grupomedios.com\/futbol\/wp-json\/wp\/v2\/posts\/490856\/revisions"}],"predecessor-version":[{"id":490858,"href":"http:\/\/desarrollo.grupomedios.com\/futbol\/wp-json\/wp\/v2\/posts\/490856\/revisions\/490858"}],"wp:featuredmedia":[{"embeddable":true,"href":"http:\/\/desarrollo.grupomedios.com\/futbol\/wp-json\/wp\/v2\/media\/490857"}],"wp:attachment":[{"href":"http:\/\/desarrollo.grupomedios.com\/futbol\/wp-json\/wp\/v2\/media?parent=490856"}],"wp:term":[{"taxonomy":"category","embeddable":true,"href":"http:\/\/desarrollo.grupomedios.com\/futbol\/wp-json\/wp\/v2\/categories?post=490856"},{"taxonomy":"post_tag","embeddable":true,"href":"http:\/\/desarrollo.grupomedios.com\/futbol\/wp-json\/wp\/v2\/tags?post=490856"}],"curies":[{"name":"wp","href":"https:\/\/api.w.org\/{rel}","templated":true}]}}