{"id":490912,"date":"2017-07-29T10:17:51","date_gmt":"2017-07-29T15:17:51","guid":{"rendered":"https:\/\/www.futboltotal.com.mx\/?p=490912"},"modified":"2017-07-29T10:17:51","modified_gmt":"2017-07-29T15:17:51","slug":"todos-los-jugadores-tigres-podrian-jugar-en-europa-enner-valencia","status":"publish","type":"post","link":"http:\/\/desarrollo.grupomedios.com\/futbol\/destacado-home\/todos-los-jugadores-tigres-podrian-jugar-en-europa-enner-valencia\/2017\/07","title":{"rendered":"Todos los jugadores de Tigres podr\u00edan jugar en Europa: Enner Valencia"},"content":{"rendered":"<p>El delantero ecuatoriano de los Tigres, <strong>Enner Valenci<\/strong>a, est\u00e1 convencido que los futbolistas de <strong>Tigres<\/strong> podr\u00edan jugar en el Viejo Continente.<\/p>\n<blockquote><p>&#8220;Todos los jugadores que est\u00e1n en Tigres podr\u00edan jugar f\u00e1cilmente en <strong>Europa<\/strong> y en sus selecciones. La verdad es un plantel muy bueno, un plantel que tiene grandes jugadores\u201d, indic\u00f3 en conferencia de prensa.<\/p><\/blockquote>\n<p style=\"text-align: center;\"><span style=\"color: #333399;\"><a style=\"color: #333399;\" href=\"https:\/\/www.futboltotal.com.mx\/2017\/07\/jugador-inter-anota-insolito-autogol\/\" target=\"_blank\" rel=\"noopener noreferrer\">VER M\u00c1S: El ins\u00f3lito autogol que marco el jugador del Inter<\/a><\/span><\/p>\n<p>Tambi\u00e9n estableci\u00f3 que los felinos est\u00e1n trabajando para llegar a los primeros planos de la <strong>Liga MX<\/strong>, sin embargo, no ve como prioridad los goles.<\/p>\n<p>\u201cEl objetivo es que el equipo est\u00e9 entre los primeros lugares. Y si el equipo est\u00e1 entre los primeros lugares y se puede convertir goles que ayuden a eso, pues bienvenidos\u00a0sean. Pero ac\u00e1 lo primordial va a ser mantener un equipo muy fuerte, un equipo que est\u00e9 peleando los primeros lugares\u201d,\u00a0sentenci\u00f3 el ecuatoriano.<\/p>\n<p style=\"text-align: center;\"><span style=\"color: #333399;\"><a style=\"color: #333399;\" href=\"https:\/\/www.futboltotal.com.mx\/2017\/07\/psg-ofrece-a-di-maria-por-neymar\/\" target=\"_blank\" rel=\"noopener noreferrer\">VER M\u00c1S: PSG ofrece a Di Mar\u00eda por Neymar<\/a><\/span><\/p>\n","protected":false},"excerpt":{"rendered":"<p>El delantero elogi\u00f3 la plantilla que tiene el equipo felino <\/p>\n","protected":false},"author":20,"featured_media":490045,"comment_status":"closed","ping_status":"closed","sticky":false,"template":"","format":"standard","meta":[],"categories":[5,2198,3845],"tags":[6108,352,64,5973],"_links":{"self":[{"href":"http:\/\/desarrollo.grupomedios.com\/futbol\/wp-json\/wp\/v2\/posts\/490912"}],"collection":[{"href":"http:\/\/desarrollo.grupomedios.com\/futbol\/wp-json\/wp\/v2\/posts"}],"about":[{"href":"http:\/\/desarrollo.grupomedios.com\/futbol\/wp-json\/wp\/v2\/types\/post"}],"author":[{"embeddable":true,"href":"http:\/\/desarrollo.grupomedios.com\/futbol\/wp-json\/wp\/v2\/users\/20"}],"replies":[{"embeddable":true,"href":"http:\/\/desarrollo.grupomedios.com\/futbol\/wp-json\/wp\/v2\/comments?post=490912"}],"version-history":[{"count":1,"href":"http:\/\/desarrollo.grupomedios.com\/futbol\/wp-json\/wp\/v2\/posts\/490912\/revisions"}],"predecessor-version":[{"id":490913,"href":"http:\/\/desarrollo.grupomedios.com\/futbol\/wp-json\/wp\/v2\/posts\/490912\/revisions\/490913"}],"wp:featuredmedia":[{"embeddable":true,"href":"http:\/\/desarrollo.grupomedios.com\/futbol\/wp-json\/wp\/v2\/media\/490045"}],"wp:attachment":[{"href":"http:\/\/desarrollo.grupomedios.com\/futbol\/wp-json\/wp\/v2\/media?parent=490912"}],"wp:term":[{"taxonomy":"category","embeddable":true,"href":"http:\/\/desarrollo.grupomedios.com\/futbol\/wp-json\/wp\/v2\/categories?post=490912"},{"taxonomy":"post_tag","embeddable":true,"href":"http:\/\/desarrollo.grupomedios.com\/futbol\/wp-json\/wp\/v2\/tags?post=490912"}],"curies":[{"name":"wp","href":"https:\/\/api.w.org\/{rel}","templated":true}]}}