{"id":490929,"date":"2017-07-29T12:44:54","date_gmt":"2017-07-29T17:44:54","guid":{"rendered":"https:\/\/www.futboltotal.com.mx\/?p=490929"},"modified":"2017-07-29T13:04:57","modified_gmt":"2017-07-29T18:04:57","slug":"chicharito-tendria-romance-una-actriz","status":"publish","type":"post","link":"http:\/\/desarrollo.grupomedios.com\/futbol\/cambio-de-juego\/chicharito-tendria-romance-una-actriz\/2017\/07","title":{"rendered":"Chicharito tendr\u00eda romance con una actriz"},"content":{"rendered":"<p>El delantero mexicano, <strong>Javier Chicharito Hern\u00e1ndez<\/strong> ya tendr\u00eda un nuevo romance con la actriz <strong>Andrea Duro<\/strong>.<\/p>\n<p><a href=\"https:\/\/www.futboltotal.com.mx\/wp-content\/uploads\/2017\/07\/andrea-duro.jpg\"><img decoding=\"async\" loading=\"lazy\" class=\"alignnone size-full wp-image-490935\" src=\"https:\/\/www.futboltotal.com.mx\/wp-content\/uploads\/2017\/07\/andrea-duro.jpg\" alt=\"Chicharito tendr\u00eda romance con una actriz 0\" srcset=\"http:\/\/desarrollo.grupomedios.com\/futbol\/wp-content\/uploads\/2017\/07\/andrea-duro.jpg 1178w, http:\/\/desarrollo.grupomedios.com\/futbol\/wp-content\/uploads\/2017\/07\/andrea-duro-300x200.jpg 300w, http:\/\/desarrollo.grupomedios.com\/futbol\/wp-content\/uploads\/2017\/07\/andrea-duro-768x512.jpg 768w, http:\/\/desarrollo.grupomedios.com\/futbol\/wp-content\/uploads\/2017\/07\/andrea-duro-1024x682.jpg 1024w\" sizes=\"(max-width: 1178px) 100vw, 1178px\" \/><\/a><\/p>\n<p>Chicharito tuvo una breve relaci\u00f3n con <strong>Camila Sodi<\/strong>, despu\u00e9s de romper los planes de boda con <strong>Luc\u00eda Villal\u00f3n<\/strong> y ahora, le ha puesto la mira a la actriz espa\u00f1ola.<\/p>\n<p style=\"text-align: center;\"><span style=\"color: #333399;\"><a style=\"color: #333399;\" href=\"https:\/\/www.futboltotal.com.mx\/2017\/07\/gignac-le-llama-a-mexico-pais-adoptivo\/\" target=\"_blank\" rel=\"noopener noreferrer\">VER M\u00c1S: Gignac llama a M\u00e9xico su pa\u00eds adoptivo<\/a><\/span><\/p>\n<p>Los rumores comenzaron cuando &#8216;Chicha&#8217; coment\u00f3 una fotograf\u00eda de la actriz en Instagram, escribiendo\u00a0<strong>&#8220;Hola quiero conocerte, me dejas?&#8221;.<\/strong><\/p>\n<p><a href=\"https:\/\/www.futboltotal.com.mx\/wp-content\/uploads\/2017\/07\/andrea-duro-chicha-3.jpg\"><img decoding=\"async\" loading=\"lazy\" class=\"alignnone size-full wp-image-490930\" src=\"https:\/\/www.futboltotal.com.mx\/wp-content\/uploads\/2017\/07\/andrea-duro-chicha-3.jpg\" alt=\"Chicharito tendr\u00eda romance con una actriz 1\" srcset=\"http:\/\/desarrollo.grupomedios.com\/futbol\/wp-content\/uploads\/2017\/07\/andrea-duro-chicha-3.jpg 649w, http:\/\/desarrollo.grupomedios.com\/futbol\/wp-content\/uploads\/2017\/07\/andrea-duro-chicha-3-300x219.jpg 300w\" sizes=\"(max-width: 649px) 100vw, 649px\" \/><\/a><\/p>\n<p>Hasta el momento, Andrea Duro no hizo caso al comentario del mexicano, sin embargo los usuarios enloquecieron y se pudo ver que la actriz comenz\u00f3 a seguir al delantero mexicano.<\/p>\n<p style=\"text-align: center;\"><span style=\"color: #333399;\"><a style=\"color: #333399;\" href=\"https:\/\/www.futboltotal.com.mx\/2017\/07\/chucky-lozano-anota-primer-gol-psv\/\" target=\"_blank\" rel=\"noopener noreferrer\">VER M\u00c1S: Chucky Lozano anota su primer gol con PSV<\/a><\/span><\/p>\n<p><a href=\"https:\/\/www.futboltotal.com.mx\/wp-content\/uploads\/2017\/07\/andrea-duro-chicha.jpg\"><img decoding=\"async\" loading=\"lazy\" class=\"alignnone size-full wp-image-490931\" src=\"https:\/\/www.futboltotal.com.mx\/wp-content\/uploads\/2017\/07\/andrea-duro-chicha.jpg\" alt=\"Chicharito tendr\u00eda romance con una actriz 2\" srcset=\"http:\/\/desarrollo.grupomedios.com\/futbol\/wp-content\/uploads\/2017\/07\/andrea-duro-chicha.jpg 834w, http:\/\/desarrollo.grupomedios.com\/futbol\/wp-content\/uploads\/2017\/07\/andrea-duro-chicha-300x209.jpg 300w, http:\/\/desarrollo.grupomedios.com\/futbol\/wp-content\/uploads\/2017\/07\/andrea-duro-chicha-768x536.jpg 768w\" sizes=\"(max-width: 834px) 100vw, 834px\" \/><\/a><\/p>\n<p>Poco despu\u00e9s, Chicharito lanz\u00f3 una publicaci\u00f3n en Instagram en la que invitaba a sus seguidores a saber qui\u00e9n era su acompa\u00f1ante, pues solo aparec\u00eda el cabello de la mujer que estaba junto a \u00e9l, indicando que<strong>\u00a0&#8220;No es nadie del pasado&#8221;<\/strong>.<\/p>\n<p><a href=\"https:\/\/www.futboltotal.com.mx\/wp-content\/uploads\/2017\/07\/andrea-duro-chicha-2.jpg\"><img decoding=\"async\" loading=\"lazy\" class=\"alignnone size-full wp-image-490932\" src=\"https:\/\/www.futboltotal.com.mx\/wp-content\/uploads\/2017\/07\/andrea-duro-chicha-2.jpg\" alt=\"Chicharito tendr\u00eda romance con una actriz 3\" srcset=\"http:\/\/desarrollo.grupomedios.com\/futbol\/wp-content\/uploads\/2017\/07\/andrea-duro-chicha-2.jpg 956w, http:\/\/desarrollo.grupomedios.com\/futbol\/wp-content\/uploads\/2017\/07\/andrea-duro-chicha-2-300x149.jpg 300w, http:\/\/desarrollo.grupomedios.com\/futbol\/wp-content\/uploads\/2017\/07\/andrea-duro-chicha-2-768x381.jpg 768w\" sizes=\"(max-width: 956px) 100vw, 956px\" \/><\/a><\/p>\n<p style=\"text-align: center;\"><span style=\"color: #333399;\"><a style=\"color: #333399;\" href=\"https:\/\/www.futboltotal.com.mx\/2017\/07\/chivas-golea-a-atlas-en-clasico-tapatio-la-liga-femenil-mx\/\" target=\"_blank\" rel=\"noopener noreferrer\">VER M\u00c1S: Chivas golea en Cl\u00e1sico Tapat\u00edo Femenil<\/a><\/span><\/p>\n<p>&nbsp;<\/p>\n","protected":false},"excerpt":{"rendered":"<p>Hern\u00e1ndez habr\u00eda conquistado el coraz\u00f3n de otra espa\u00f1ola<\/p>\n","protected":false},"author":20,"featured_media":484260,"comment_status":"closed","ping_status":"closed","sticky":false,"template":"","format":"standard","meta":[],"categories":[5419],"tags":[9545,120,549],"_links":{"self":[{"href":"http:\/\/desarrollo.grupomedios.com\/futbol\/wp-json\/wp\/v2\/posts\/490929"}],"collection":[{"href":"http:\/\/desarrollo.grupomedios.com\/futbol\/wp-json\/wp\/v2\/posts"}],"about":[{"href":"http:\/\/desarrollo.grupomedios.com\/futbol\/wp-json\/wp\/v2\/types\/post"}],"author":[{"embeddable":true,"href":"http:\/\/desarrollo.grupomedios.com\/futbol\/wp-json\/wp\/v2\/users\/20"}],"replies":[{"embeddable":true,"href":"http:\/\/desarrollo.grupomedios.com\/futbol\/wp-json\/wp\/v2\/comments?post=490929"}],"version-history":[{"count":3,"href":"http:\/\/desarrollo.grupomedios.com\/futbol\/wp-json\/wp\/v2\/posts\/490929\/revisions"}],"predecessor-version":[{"id":490936,"href":"http:\/\/desarrollo.grupomedios.com\/futbol\/wp-json\/wp\/v2\/posts\/490929\/revisions\/490936"}],"wp:featuredmedia":[{"embeddable":true,"href":"http:\/\/desarrollo.grupomedios.com\/futbol\/wp-json\/wp\/v2\/media\/484260"}],"wp:attachment":[{"href":"http:\/\/desarrollo.grupomedios.com\/futbol\/wp-json\/wp\/v2\/media?parent=490929"}],"wp:term":[{"taxonomy":"category","embeddable":true,"href":"http:\/\/desarrollo.grupomedios.com\/futbol\/wp-json\/wp\/v2\/categories?post=490929"},{"taxonomy":"post_tag","embeddable":true,"href":"http:\/\/desarrollo.grupomedios.com\/futbol\/wp-json\/wp\/v2\/tags?post=490929"}],"curies":[{"name":"wp","href":"https:\/\/api.w.org\/{rel}","templated":true}]}}