{"id":490958,"date":"2017-07-29T14:03:14","date_gmt":"2017-07-29T19:03:14","guid":{"rendered":"https:\/\/www.futboltotal.com.mx\/?p=490958"},"modified":"2017-07-29T14:04:01","modified_gmt":"2017-07-29T19:04:01","slug":"carlos-salcedo-recibe-novatada-en-eintracht-frankfurt","status":"publish","type":"post","link":"http:\/\/desarrollo.grupomedios.com\/futbol\/cambio-de-juego\/carlos-salcedo-recibe-novatada-en-eintracht-frankfurt\/2017\/07","title":{"rendered":"Carlos Salcedo recibe novatada en el Eintracht Frankfurt"},"content":{"rendered":"<p>El defensa mexicano, <strong>Carlos Salcedo<\/strong> tuvo su bienvenida con el\u00a0<strong>Eintracht Frankfurt<\/strong>, por lo que tuvo que cantar para sus compa\u00f1eros.<\/p>\n<p style=\"text-align: center;\"><span style=\"color: #333399;\"><a style=\"color: #333399;\" href=\"https:\/\/www.futboltotal.com.mx\/2017\/07\/chucky-lozano-anota-primer-gol-psv\/\" target=\"_blank\" rel=\"noopener noreferrer\">VER M\u00c1S: Chucky Lozano anota su primer gol con el PSV<\/a><\/span><\/p>\n<p>A trav\u00e9s de sus redes sociales, el tambi\u00e9n mexicano, <strong>Marco Fabi\u00e1n<\/strong> comparti\u00f3 el suceso; &#8220;Amigos, as\u00ed la bienvenida de los nuevos jugadores al equipo&#8221;, escribi\u00f3 a trav\u00e9s de su instagram.<\/p>\n<p>Para luego compartir un video donde el<strong> &#8216;Tit\u00e1n&#8217;<\/strong> aparece cantando.<\/p>\n<blockquote class=\"twitter-video\" data-lang=\"es\">\n<p dir=\"ltr\" lang=\"und\"><a href=\"https:\/\/t.co\/MdBzRs7Sh2\">pic.twitter.com\/MdBzRs7Sh2<\/a><\/p>\n<p>\u2014 Oscar Rodr\u00edguez (@OscarRg94) <a href=\"https:\/\/twitter.com\/OscarRg94\/status\/891345098377658370\">29 de julio de 2017<\/a><\/p><\/blockquote>\n<p><script async src=\"\/\/platform.twitter.com\/widgets.js\" charset=\"utf-8\"><\/script><\/p>\n<p>Adem\u00e1s de Salcedo,\u00a0participaron otros elementos que reforzaron a las <strong>\u00c1guilas\u00a0<\/strong>para la temporada 2017-18.<\/p>\n<p style=\"text-align: center;\"><span style=\"color: #333399;\"><a style=\"color: #333399;\" href=\"https:\/\/www.futboltotal.com.mx\/2017\/07\/helga-lovekaty-la-mujer-se-robo-a-james-rodriguez\/\" target=\"_blank\" rel=\"noopener noreferrer\">VER M\u00c1S: Helga Lovekaty, la mujer que se rob\u00f3 a James Rodr\u00edguez<\/a><\/span><\/p>\n","protected":false},"excerpt":{"rendered":"<p>Marco Fabi\u00e1n se encarg\u00f3 de grabar el momento<\/p>\n","protected":false},"author":20,"featured_media":483729,"comment_status":"closed","ping_status":"closed","sticky":false,"template":"","format":"standard","meta":[],"categories":[5419],"tags":[5531,8482,131],"_links":{"self":[{"href":"http:\/\/desarrollo.grupomedios.com\/futbol\/wp-json\/wp\/v2\/posts\/490958"}],"collection":[{"href":"http:\/\/desarrollo.grupomedios.com\/futbol\/wp-json\/wp\/v2\/posts"}],"about":[{"href":"http:\/\/desarrollo.grupomedios.com\/futbol\/wp-json\/wp\/v2\/types\/post"}],"author":[{"embeddable":true,"href":"http:\/\/desarrollo.grupomedios.com\/futbol\/wp-json\/wp\/v2\/users\/20"}],"replies":[{"embeddable":true,"href":"http:\/\/desarrollo.grupomedios.com\/futbol\/wp-json\/wp\/v2\/comments?post=490958"}],"version-history":[{"count":2,"href":"http:\/\/desarrollo.grupomedios.com\/futbol\/wp-json\/wp\/v2\/posts\/490958\/revisions"}],"predecessor-version":[{"id":490960,"href":"http:\/\/desarrollo.grupomedios.com\/futbol\/wp-json\/wp\/v2\/posts\/490958\/revisions\/490960"}],"wp:featuredmedia":[{"embeddable":true,"href":"http:\/\/desarrollo.grupomedios.com\/futbol\/wp-json\/wp\/v2\/media\/483729"}],"wp:attachment":[{"href":"http:\/\/desarrollo.grupomedios.com\/futbol\/wp-json\/wp\/v2\/media?parent=490958"}],"wp:term":[{"taxonomy":"category","embeddable":true,"href":"http:\/\/desarrollo.grupomedios.com\/futbol\/wp-json\/wp\/v2\/categories?post=490958"},{"taxonomy":"post_tag","embeddable":true,"href":"http:\/\/desarrollo.grupomedios.com\/futbol\/wp-json\/wp\/v2\/tags?post=490958"}],"curies":[{"name":"wp","href":"https:\/\/api.w.org\/{rel}","templated":true}]}}