{"id":490961,"date":"2017-07-29T14:24:45","date_gmt":"2017-07-29T19:24:45","guid":{"rendered":"https:\/\/www.futboltotal.com.mx\/?p=490961"},"modified":"2017-07-29T14:24:45","modified_gmt":"2017-07-29T19:24:45","slug":"raul-jimenez-participa-en-derrota-del-benfica-ante-arsenal","status":"publish","type":"post","link":"http:\/\/desarrollo.grupomedios.com\/futbol\/futbol-internacional\/raul-jimenez-participa-en-derrota-del-benfica-ante-arsenal\/2017\/07","title":{"rendered":"Ra\u00fal Jim\u00e9nez participa en derrota del Benfica ante Arsenal"},"content":{"rendered":"<p>El delantero mexicano, <strong>Ra\u00fal Jim\u00e9nez<\/strong> tuvo actividad con el <strong>Benfica<\/strong> en la <strong>Emirates Cup<\/strong>, donde cayeron por goleada de 5-2 ante el Arsenal.<\/p>\n<p style=\"text-align: center;\"><span style=\"color: #333399;\"><a style=\"color: #333399;\" href=\"https:\/\/www.futboltotal.com.mx\/2017\/07\/chucky-lozano-anota-primer-gol-psv\/\" target=\"_blank\" rel=\"noopener noreferrer\">VER M\u00c1S: Chucky Lozano anota su primer gol en Holanda<\/a><\/span><\/p>\n<p>Jim\u00e9nez ingres\u00f3 los \u00faltimos 15 minutos del partido, sustituyendo al suizo, <strong>Haris Seferovic<\/strong>, cuando el encuentro ya se hab\u00eda decantado del lado de los ingleses.<\/p>\n<p><a href=\"https:\/\/twitter.com\/hashtag\/AFCSLB?src=hash\">#AFCSLB<\/a> | 5-2 | &#x1f501; Entra Ra\u00fal e R\u00faben Dias e sai Seferovic e Pizzi. <a href=\"https:\/\/twitter.com\/hashtag\/EmiratesCup?src=hash\">#EmiratesCup<\/a> <a href=\"https:\/\/t.co\/utXISiqYJc\">pic.twitter.com\/utXISiqYJc<\/a><\/p>\n<blockquote class=\"twitter-tweet\" data-conversation=\"none\" data-lang=\"es\"><p>\u2014 SL Benfica (@SLBenfica) <a href=\"https:\/\/twitter.com\/SLBenfica\/status\/891341276192395264\">29 de julio de 2017<\/a><\/p><\/blockquote>\n<p><script async src=\"\/\/platform.twitter.com\/widgets.js\" charset=\"utf-8\"><\/script><\/p>\n<p>El delantero mexicano intent\u00f3 en los minutos que tuvo y dispar\u00f3 en dos ocasiones al arco, pero no tuvo suerte ante el meta colombiano, <strong>David Ospina<\/strong>.<\/p>\n<p style=\"text-align: center;\"><span style=\"color: #333399;\"><a style=\"color: #333399;\" href=\"https:\/\/www.futboltotal.com.mx\/2017\/07\/chicharito-tendria-romance-una-actriz\/\" target=\"_blank\" rel=\"noopener noreferrer\">VER M\u00c1S: Chicharito tiene nuevo romance con actriz espa\u00f1ola<\/a><\/span><\/p>\n<p><iframe loading=\"lazy\" src=\"https:\/\/www.youtube.com\/embed\/7tpbIZ-y8no?feature=oembed\" frameborder=\"0\" allowfullscreen><\/iframe><\/p>\n","protected":false},"excerpt":{"rendered":"<p>El delantero mexicano jug\u00f3 los \u00faltimos 15 minutos del encuentro<\/p>\n","protected":false},"author":20,"featured_media":490963,"comment_status":"closed","ping_status":"closed","sticky":false,"template":"","format":"standard","meta":[],"categories":[3839],"tags":[6044,6060,5838,742],"_links":{"self":[{"href":"http:\/\/desarrollo.grupomedios.com\/futbol\/wp-json\/wp\/v2\/posts\/490961"}],"collection":[{"href":"http:\/\/desarrollo.grupomedios.com\/futbol\/wp-json\/wp\/v2\/posts"}],"about":[{"href":"http:\/\/desarrollo.grupomedios.com\/futbol\/wp-json\/wp\/v2\/types\/post"}],"author":[{"embeddable":true,"href":"http:\/\/desarrollo.grupomedios.com\/futbol\/wp-json\/wp\/v2\/users\/20"}],"replies":[{"embeddable":true,"href":"http:\/\/desarrollo.grupomedios.com\/futbol\/wp-json\/wp\/v2\/comments?post=490961"}],"version-history":[{"count":1,"href":"http:\/\/desarrollo.grupomedios.com\/futbol\/wp-json\/wp\/v2\/posts\/490961\/revisions"}],"predecessor-version":[{"id":490964,"href":"http:\/\/desarrollo.grupomedios.com\/futbol\/wp-json\/wp\/v2\/posts\/490961\/revisions\/490964"}],"wp:featuredmedia":[{"embeddable":true,"href":"http:\/\/desarrollo.grupomedios.com\/futbol\/wp-json\/wp\/v2\/media\/490963"}],"wp:attachment":[{"href":"http:\/\/desarrollo.grupomedios.com\/futbol\/wp-json\/wp\/v2\/media?parent=490961"}],"wp:term":[{"taxonomy":"category","embeddable":true,"href":"http:\/\/desarrollo.grupomedios.com\/futbol\/wp-json\/wp\/v2\/categories?post=490961"},{"taxonomy":"post_tag","embeddable":true,"href":"http:\/\/desarrollo.grupomedios.com\/futbol\/wp-json\/wp\/v2\/tags?post=490961"}],"curies":[{"name":"wp","href":"https:\/\/api.w.org\/{rel}","templated":true}]}}