{"id":490980,"date":"2017-07-29T16:01:39","date_gmt":"2017-07-29T21:01:39","guid":{"rendered":"https:\/\/www.futboltotal.com.mx\/?p=490980"},"modified":"2017-07-29T16:42:04","modified_gmt":"2017-07-29T21:42:04","slug":"diego-reyes-raul-jimenez-recuerdan-carino-a-christian-chucho-benitez","status":"publish","type":"post","link":"http:\/\/desarrollo.grupomedios.com\/futbol\/futbol-mexicano\/diego-reyes-raul-jimenez-recuerdan-carino-a-christian-chucho-benitez\/2017\/07","title":{"rendered":"Diego Reyes y Ra\u00fal Jim\u00e9nez recuerdan con cari\u00f1o a Christian &#8216;Chucho&#8217; Ben\u00edtez"},"content":{"rendered":"<p>Los ex futbolistas del Am\u00e9rica, <strong>Diego Reyes y Ra\u00fal Jim\u00e9nez<\/strong>, publicaron en sus redes sociales una foto junto al ex futbolista fallecido <strong>Christian &#8216;Chucho<\/strong><strong>&#8216; Ben\u00edtez<\/strong>.<\/p>\n<p>&#8220;Siempre en nuestros corazones, grande Chucho&#8221;, fue el mensaje que public\u00f3 Diego Reyes en sus historias de Instagram, mientras que Ra\u00fal Jim\u00e9nez coloc\u00f3 una imagen donde aparece junto a Ben\u00edtez con la leyenda &#8220;Siempre record\u00e1ndote&#8221;.<\/p>\n<p style=\"text-align: center;\"><span style=\"color: #333399;\"><a style=\"color: #333399;\" href=\"https:\/\/www.futboltotal.com.mx\/2017\/07\/gignac-le-llama-a-mexico-pais-adoptivo\/\">VER M\u00c1S:\u00a0Gignac le llama a M\u00e9xico \u201csu pa\u00eds adoptivo\u201d<\/a><\/span><\/p>\n<p>Christian Ben\u00edtez fue un jugador ecuatoriano que logr\u00f3 consagrarse campe\u00f3n con las <em>\u00c1guilas<\/em> del <strong>Am\u00e9rica<\/strong> en el Clausura 2013, despu\u00e9s de aquella remontada \u00e9pica frente a Cruz Azul.<\/p>\n<p>Este d\u00eda, el ecuatoriano cumple 4 a\u00f1os de fallecido, y sus ex compa\u00f1eros lo recordaron con cari\u00f1o.<\/p>\n<p style=\"text-align: center;\"><span style=\"color: #333399;\"><a style=\"color: #333399;\" href=\"https:\/\/www.futboltotal.com.mx\/2017\/07\/liborio-sanchez-consigue-equipo-en-extranjero\/\">VER M\u00c1S:\u00a0<span class=\"item-title\">Liborio S\u00e1nchez consigue equipo en el extranjero<\/span><\/a><\/span><\/p>\n<div id=\"galleryHOG\" style=\"display:none;\"><img alt=\"\" src=\"http:\/\/desarrollo.grupomedios.com\/futbol\/wp-content\/uploads\/2017\/07\/diegoreyes-1.jpg\" data-image=\"http:\/\/desarrollo.grupomedios.com\/futbol\/wp-content\/uploads\/2017\/07\/diegoreyes-1.jpg\" data-description=\"diegoreyes\"><img alt=\"\" src=\"http:\/\/desarrollo.grupomedios.com\/futbol\/wp-content\/uploads\/2017\/07\/raul-1.jpg\" data-image=\"http:\/\/desarrollo.grupomedios.com\/futbol\/wp-content\/uploads\/2017\/07\/raul-1.jpg\" data-description=\"raul\"><\/div>\n        <script>\n        \/\/galeria 1\n        jQuery(document).ready(function(){ \n            var api;\n            api = jQuery(\"#galleryHOG\").unitegallery({\n                carousel_autoplay: false\n            }); \n        });\n        <\/script>\n        \n","protected":false},"excerpt":{"rendered":"<p>A cuatro a\u00f1os de su fallecimiento, sus ex compa\u00f1eros lo recuerdan con cari\u00f1o<\/p>\n","protected":false},"author":20,"featured_media":490982,"comment_status":"closed","ping_status":"closed","sticky":false,"template":"","format":"standard","meta":[],"categories":[2198,3845],"tags":[5959,254,6006,742],"_links":{"self":[{"href":"http:\/\/desarrollo.grupomedios.com\/futbol\/wp-json\/wp\/v2\/posts\/490980"}],"collection":[{"href":"http:\/\/desarrollo.grupomedios.com\/futbol\/wp-json\/wp\/v2\/posts"}],"about":[{"href":"http:\/\/desarrollo.grupomedios.com\/futbol\/wp-json\/wp\/v2\/types\/post"}],"author":[{"embeddable":true,"href":"http:\/\/desarrollo.grupomedios.com\/futbol\/wp-json\/wp\/v2\/users\/20"}],"replies":[{"embeddable":true,"href":"http:\/\/desarrollo.grupomedios.com\/futbol\/wp-json\/wp\/v2\/comments?post=490980"}],"version-history":[{"count":4,"href":"http:\/\/desarrollo.grupomedios.com\/futbol\/wp-json\/wp\/v2\/posts\/490980\/revisions"}],"predecessor-version":[{"id":490996,"href":"http:\/\/desarrollo.grupomedios.com\/futbol\/wp-json\/wp\/v2\/posts\/490980\/revisions\/490996"}],"wp:featuredmedia":[{"embeddable":true,"href":"http:\/\/desarrollo.grupomedios.com\/futbol\/wp-json\/wp\/v2\/media\/490982"}],"wp:attachment":[{"href":"http:\/\/desarrollo.grupomedios.com\/futbol\/wp-json\/wp\/v2\/media?parent=490980"}],"wp:term":[{"taxonomy":"category","embeddable":true,"href":"http:\/\/desarrollo.grupomedios.com\/futbol\/wp-json\/wp\/v2\/categories?post=490980"},{"taxonomy":"post_tag","embeddable":true,"href":"http:\/\/desarrollo.grupomedios.com\/futbol\/wp-json\/wp\/v2\/tags?post=490980"}],"curies":[{"name":"wp","href":"https:\/\/api.w.org\/{rel}","templated":true}]}}