{"id":491048,"date":"2017-07-29T20:39:16","date_gmt":"2017-07-30T01:39:16","guid":{"rendered":"https:\/\/www.futboltotal.com.mx\/?p=491048"},"modified":"2017-07-29T20:39:16","modified_gmt":"2017-07-30T01:39:16","slug":"la-violencia-se-hizo-presente-en-cruz-azul-chivas","status":"publish","type":"post","link":"http:\/\/desarrollo.grupomedios.com\/futbol\/futbol-mexicano\/la-violencia-se-hizo-presente-en-cruz-azul-chivas\/2017\/07","title":{"rendered":"La violencia se hizo presente en el Cruz Azul-Chivas"},"content":{"rendered":"<p>Los aficionados de <strong>Cruz Azul<\/strong> y <strong>Chivas<\/strong> protagonizaron una verdadera trifulca en las tribunas del estadio Azul, cuando se jugaban los \u00faltimos minutos del encuentro.<\/p>\n<p>Los seguidores de La M\u00e1quina y del Reba\u00f1o Sagrado se enfrascaron en una bronca cerca del t\u00fanel 13 del estadio, donde la polic\u00eda tuvo que intervenir.<\/p>\n<p>Aqu\u00ed te mostramos las im\u00e1genes de la pelea entre los aficionados de Chivas y Cruz Azul.<\/p>\n<div id=\"galleryjQg\" style=\"display:none;\"><img alt=\"\" src=\"http:\/\/desarrollo.grupomedios.com\/futbol\/wp-content\/uploads\/2017\/07\/azul-chivas-1.jpg\" data-image=\"http:\/\/desarrollo.grupomedios.com\/futbol\/wp-content\/uploads\/2017\/07\/azul-chivas-1.jpg\" data-description=\"azul-chivas-1\"><img alt=\"\" src=\"http:\/\/desarrollo.grupomedios.com\/futbol\/wp-content\/uploads\/2017\/07\/azul-chivas-3.jpg\" data-image=\"http:\/\/desarrollo.grupomedios.com\/futbol\/wp-content\/uploads\/2017\/07\/azul-chivas-3.jpg\" data-description=\"azul-chivas-3\"><img alt=\"\" src=\"http:\/\/desarrollo.grupomedios.com\/futbol\/wp-content\/uploads\/2017\/07\/azul-chivas-4.jpg\" data-image=\"http:\/\/desarrollo.grupomedios.com\/futbol\/wp-content\/uploads\/2017\/07\/azul-chivas-4.jpg\" data-description=\"azul-chivas-4\"><img alt=\"\" src=\"http:\/\/desarrollo.grupomedios.com\/futbol\/wp-content\/uploads\/2017\/07\/azul-chivas-5.jpg\" data-image=\"http:\/\/desarrollo.grupomedios.com\/futbol\/wp-content\/uploads\/2017\/07\/azul-chivas-5.jpg\" data-description=\"azul-chivas-5\"><img alt=\"\" src=\"http:\/\/desarrollo.grupomedios.com\/futbol\/wp-content\/uploads\/2017\/07\/azul-chivas-7.jpg\" data-image=\"http:\/\/desarrollo.grupomedios.com\/futbol\/wp-content\/uploads\/2017\/07\/azul-chivas-7.jpg\" data-description=\"azul-chivas-7\"><img alt=\"\" src=\"http:\/\/desarrollo.grupomedios.com\/futbol\/wp-content\/uploads\/2017\/07\/azul-chivas-8.jpg\" data-image=\"http:\/\/desarrollo.grupomedios.com\/futbol\/wp-content\/uploads\/2017\/07\/azul-chivas-8.jpg\" data-description=\"azul-chivas-8\"><img alt=\"\" src=\"http:\/\/desarrollo.grupomedios.com\/futbol\/wp-content\/uploads\/2017\/07\/azul-chivas-9.jpg\" data-image=\"http:\/\/desarrollo.grupomedios.com\/futbol\/wp-content\/uploads\/2017\/07\/azul-chivas-9.jpg\" data-description=\"azul-chivas-9\"><\/div>\n        <script>\n        \/\/galeria 1\n        jQuery(document).ready(function(){ \n            var api;\n            api = jQuery(\"#galleryjQg\").unitegallery({\n                carousel_autoplay: false\n            }); \n        });\n        <\/script>\n        \n<p>&nbsp;<\/p>\n","protected":false},"excerpt":{"rendered":"<p>Cerca del t\u00fanel 13 del Azul fue donde se registr\u00f3 la trifulca entre los aficionados<\/p>\n","protected":false},"author":20,"featured_media":491056,"comment_status":"closed","ping_status":"closed","sticky":false,"template":"","format":"standard","meta":[],"categories":[2198,3845],"tags":[8357,5962,5963,3107],"_links":{"self":[{"href":"http:\/\/desarrollo.grupomedios.com\/futbol\/wp-json\/wp\/v2\/posts\/491048"}],"collection":[{"href":"http:\/\/desarrollo.grupomedios.com\/futbol\/wp-json\/wp\/v2\/posts"}],"about":[{"href":"http:\/\/desarrollo.grupomedios.com\/futbol\/wp-json\/wp\/v2\/types\/post"}],"author":[{"embeddable":true,"href":"http:\/\/desarrollo.grupomedios.com\/futbol\/wp-json\/wp\/v2\/users\/20"}],"replies":[{"embeddable":true,"href":"http:\/\/desarrollo.grupomedios.com\/futbol\/wp-json\/wp\/v2\/comments?post=491048"}],"version-history":[{"count":1,"href":"http:\/\/desarrollo.grupomedios.com\/futbol\/wp-json\/wp\/v2\/posts\/491048\/revisions"}],"predecessor-version":[{"id":491057,"href":"http:\/\/desarrollo.grupomedios.com\/futbol\/wp-json\/wp\/v2\/posts\/491048\/revisions\/491057"}],"wp:featuredmedia":[{"embeddable":true,"href":"http:\/\/desarrollo.grupomedios.com\/futbol\/wp-json\/wp\/v2\/media\/491056"}],"wp:attachment":[{"href":"http:\/\/desarrollo.grupomedios.com\/futbol\/wp-json\/wp\/v2\/media?parent=491048"}],"wp:term":[{"taxonomy":"category","embeddable":true,"href":"http:\/\/desarrollo.grupomedios.com\/futbol\/wp-json\/wp\/v2\/categories?post=491048"},{"taxonomy":"post_tag","embeddable":true,"href":"http:\/\/desarrollo.grupomedios.com\/futbol\/wp-json\/wp\/v2\/tags?post=491048"}],"curies":[{"name":"wp","href":"https:\/\/api.w.org\/{rel}","templated":true}]}}