{"id":491102,"date":"2017-07-30T09:50:45","date_gmt":"2017-07-30T14:50:45","guid":{"rendered":"https:\/\/www.futboltotal.com.mx\/?p=491102"},"modified":"2017-07-30T09:50:45","modified_gmt":"2017-07-30T14:50:45","slug":"neymar-se-va-del-barcelona-problema-menos-madrid-ramos","status":"publish","type":"post","link":"http:\/\/desarrollo.grupomedios.com\/futbol\/futbol-internacional\/neymar-se-va-del-barcelona-problema-menos-madrid-ramos\/2017\/07","title":{"rendered":"Si Neymar se va, un problema menos para el Madrid: Ramos"},"content":{"rendered":"<p>El madridista<strong> Sergio Ramos<\/strong> dijo que si el brasile\u00f1o <strong>Neymar<\/strong> se fuera del <strong>Barcelona<\/strong> al Paris Saint Germain, eso le &#8220;quita&#8221; al <strong>Real Madrid<\/strong> un &#8220;problema&#8221; de cara a las competiciones oficiales.<\/p>\n<p>&#8220;Para nosotros nos quita un problema porque en partidos clave contra nosotros no ser\u00eda \u00e9l el que marcar\u00eda la diferencia&#8221;, asegur\u00f3 Ramos en la zona mixta despu\u00e9s de que su equipo perdiese por 2-3 el cl\u00e1sico de pretemporada ante el Bar\u00e7a que se disput\u00f3 en Miami (EE.UU.).<\/p>\n<p>Preguntado por si la posible salida del brasile\u00f1o afectar\u00eda al nivel de La Liga, el espa\u00f1ol consider\u00f3 que<strong> Neymar<\/strong> es un &#8220;grand\u00edsimo futbolista y una pieza clave en el <strong>Barcelona<\/strong>&#8220;.<\/p>\n<p style=\"text-align: center;\"><span style=\"color: #3366ff;\"><a style=\"color: #3366ff;\" href=\"https:\/\/www.futboltotal.com.mx\/2017\/07\/barcelona-vence-3-2-real-madrid-clasico-miami\/\" target=\"_blank\" rel=\"noopener noreferrer\">VER M\u00c1S: Revive los goles del Real Madrid y Barcelona en el Cl\u00e1sico de Miami<\/a><\/span><\/p>\n<p>Durante los \u00faltimos d\u00edas, los medios especializados han especulado con esa posible salida mediante pago de la cl\u00e1usula de rescisi\u00f3n de <strong>Neymar<\/strong>, de 220 millones de euros.<\/p>\n<p>El sevillano a\u00f1adi\u00f3 que &#8220;cada uno es libre de decidir su felicidad&#8221; e insisti\u00f3 en que cada uno &#8220;defiende su felicidad como quiere&#8221;.<\/p>\n<p><strong>Neymar<\/strong> disput\u00f3 73 minutos esta noche en el partido jugado en el Hard Rock Stadium de Miami Gardens (EE.UU.) y fue el m\u00e1s activo de su equipo, con dos asistencias.<\/p>\n<p>Ramos se cambi\u00f3 la camiseta con <strong>Neymar<\/strong> al t\u00e9rmino del encuentro, que termin\u00f3 con victoria barcelonista.<\/p>\n","protected":false},"excerpt":{"rendered":"<p>El brasile\u00f1o pudo haber jugado su \u00faltimo partido con el Barcelona.<\/p>\n","protected":false},"author":144,"featured_media":491103,"comment_status":"closed","ping_status":"closed","sticky":false,"template":"","format":"standard","meta":[],"categories":[3839,3844,5951],"tags":[5984,6001,114,5988],"_links":{"self":[{"href":"http:\/\/desarrollo.grupomedios.com\/futbol\/wp-json\/wp\/v2\/posts\/491102"}],"collection":[{"href":"http:\/\/desarrollo.grupomedios.com\/futbol\/wp-json\/wp\/v2\/posts"}],"about":[{"href":"http:\/\/desarrollo.grupomedios.com\/futbol\/wp-json\/wp\/v2\/types\/post"}],"author":[{"embeddable":true,"href":"http:\/\/desarrollo.grupomedios.com\/futbol\/wp-json\/wp\/v2\/users\/144"}],"replies":[{"embeddable":true,"href":"http:\/\/desarrollo.grupomedios.com\/futbol\/wp-json\/wp\/v2\/comments?post=491102"}],"version-history":[{"count":1,"href":"http:\/\/desarrollo.grupomedios.com\/futbol\/wp-json\/wp\/v2\/posts\/491102\/revisions"}],"predecessor-version":[{"id":491104,"href":"http:\/\/desarrollo.grupomedios.com\/futbol\/wp-json\/wp\/v2\/posts\/491102\/revisions\/491104"}],"wp:featuredmedia":[{"embeddable":true,"href":"http:\/\/desarrollo.grupomedios.com\/futbol\/wp-json\/wp\/v2\/media\/491103"}],"wp:attachment":[{"href":"http:\/\/desarrollo.grupomedios.com\/futbol\/wp-json\/wp\/v2\/media?parent=491102"}],"wp:term":[{"taxonomy":"category","embeddable":true,"href":"http:\/\/desarrollo.grupomedios.com\/futbol\/wp-json\/wp\/v2\/categories?post=491102"},{"taxonomy":"post_tag","embeddable":true,"href":"http:\/\/desarrollo.grupomedios.com\/futbol\/wp-json\/wp\/v2\/tags?post=491102"}],"curies":[{"name":"wp","href":"https:\/\/api.w.org\/{rel}","templated":true}]}}