{"id":491105,"date":"2017-07-30T10:20:15","date_gmt":"2017-07-30T15:20:15","guid":{"rendered":"https:\/\/www.futboltotal.com.mx\/?p=491105"},"modified":"2017-07-30T10:20:15","modified_gmt":"2017-07-30T15:20:15","slug":"wolfsburgo-felicito-a-lobos-buap-primer-triunfo-en-liga-mx","status":"publish","type":"post","link":"http:\/\/desarrollo.grupomedios.com\/futbol\/futbol-mexicano\/wolfsburgo-felicito-a-lobos-buap-primer-triunfo-en-liga-mx\/2017\/07","title":{"rendered":"Wolfsburgo felicit\u00f3 a Lobos BUAP por su primer triunfo en Liga MX"},"content":{"rendered":"<p><strong>Wolfsburgo<\/strong> felicit\u00f3 a los <strong>Lobos BUAP<\/strong> luego por su primer triunfo en la<strong> Liga MX<\/strong>, donde <span style=\"color: #3366ff;\"><a style=\"color: #3366ff;\" href=\"https:\/\/www.futboltotal.com.mx\/2017\/07\/resultado-gallos-0-4-lobos-apertura-2017-liga-mx\/\" target=\"_blank\" rel=\"noopener noreferrer\">vencieron al Quer\u00e9taro como visitantes<\/a><\/span> con una goleada de 0-4 en la Jornada 2 del Apertura 2017.<\/p>\n<p>A trav\u00e9s de su cuenta de Twitter en espa\u00f1ol, fue como el equipo de la <strong>Bundesliga<\/strong> mand\u00f3 felicitaciones al equipo poblano, que adem\u00e1s de su primera victoria, tambi\u00e9n consiguieron la primera goleada.<\/p>\n<p style=\"text-align: center;\"><span style=\"color: #3366ff;\"><a style=\"color: #3366ff;\" href=\"https:\/\/www.futboltotal.com.mx\/2017\/07\/neymar-se-va-del-barcelona-problema-menos-madrid-ramos\/\">VER M\u00c1S: Si Neymar se va, un problema menos para el Madrid: Ramos<\/a><\/span><\/p>\n<p>https:\/\/twitter.com\/VfLWolfsburg_ES\/status\/891447133940977665<\/p>\n<p>Anteriormente, el <strong>Wolfsburgo<\/strong> ya hab\u00eda felicitado a los <strong>Lobos BUAP<\/strong> por su debut en la Primera Divisi\u00f3n ante Santos y el empate que consiguieron en el estadio Universitario.<\/p>\n<p>Con este triunfo, <strong>Lobos BUAP<\/strong> ya sum\u00f3 4 de 6 puntos en sus primeros dos encuentros en la Liga MX.<\/p>\n","protected":false},"excerpt":{"rendered":"<p>El club alem\u00e1n congratul\u00f3 al equipo poblano por su primera goleada.<\/p>\n","protected":false},"author":20,"featured_media":489709,"comment_status":"closed","ping_status":"closed","sticky":false,"template":"","format":"standard","meta":[],"categories":[2198,3845],"tags":[64,431,3521],"_links":{"self":[{"href":"http:\/\/desarrollo.grupomedios.com\/futbol\/wp-json\/wp\/v2\/posts\/491105"}],"collection":[{"href":"http:\/\/desarrollo.grupomedios.com\/futbol\/wp-json\/wp\/v2\/posts"}],"about":[{"href":"http:\/\/desarrollo.grupomedios.com\/futbol\/wp-json\/wp\/v2\/types\/post"}],"author":[{"embeddable":true,"href":"http:\/\/desarrollo.grupomedios.com\/futbol\/wp-json\/wp\/v2\/users\/20"}],"replies":[{"embeddable":true,"href":"http:\/\/desarrollo.grupomedios.com\/futbol\/wp-json\/wp\/v2\/comments?post=491105"}],"version-history":[{"count":1,"href":"http:\/\/desarrollo.grupomedios.com\/futbol\/wp-json\/wp\/v2\/posts\/491105\/revisions"}],"predecessor-version":[{"id":491106,"href":"http:\/\/desarrollo.grupomedios.com\/futbol\/wp-json\/wp\/v2\/posts\/491105\/revisions\/491106"}],"wp:featuredmedia":[{"embeddable":true,"href":"http:\/\/desarrollo.grupomedios.com\/futbol\/wp-json\/wp\/v2\/media\/489709"}],"wp:attachment":[{"href":"http:\/\/desarrollo.grupomedios.com\/futbol\/wp-json\/wp\/v2\/media?parent=491105"}],"wp:term":[{"taxonomy":"category","embeddable":true,"href":"http:\/\/desarrollo.grupomedios.com\/futbol\/wp-json\/wp\/v2\/categories?post=491105"},{"taxonomy":"post_tag","embeddable":true,"href":"http:\/\/desarrollo.grupomedios.com\/futbol\/wp-json\/wp\/v2\/tags?post=491105"}],"curies":[{"name":"wp","href":"https:\/\/api.w.org\/{rel}","templated":true}]}}