{"id":491107,"date":"2017-07-30T10:50:34","date_gmt":"2017-07-30T15:50:34","guid":{"rendered":"https:\/\/www.futboltotal.com.mx\/?p=491107"},"modified":"2017-07-30T11:08:35","modified_gmt":"2017-07-30T16:08:35","slug":"actriz-andrea-duro-revelo-romance-chicharito","status":"publish","type":"post","link":"http:\/\/desarrollo.grupomedios.com\/futbol\/destacado-home\/actriz-andrea-duro-revelo-romance-chicharito\/2017\/07","title":{"rendered":"Andrea Duro revel\u00f3 romance con Chicharito \u00a1Desc\u00fabrelo!"},"content":{"rendered":"<p><strong>Andrea Duro<\/strong> revel\u00f3 romance con <strong>Chicharito<\/strong>, pues as\u00ed lo hizo saber la actriz espa\u00f1ola quien a trav\u00e9s de sus redes sociales, donde ha dejado ver que sale con el delantero mexicano.<\/p>\n<p>Fue en las historias de Instagram donde la guapa modelo public\u00f3 un video en donde est\u00e1 en una cafeter\u00eda y destac\u00f3 su comida, que &#8220;est\u00e1 igual de buena que <strong>Javier Hern\u00e1ndez<\/strong>&#8220;.<\/p>\n<p style=\"text-align: center;\"><span style=\"color: #3366ff;\"><a style=\"color: #3366ff;\" href=\"https:\/\/www.futboltotal.com.mx\/2017\/07\/wolfsburgo-felicito-a-lobos-buap-primer-triunfo-en-liga-mx\/\">VER M\u00c1S: Wolfsburgo felicit\u00f3 a Lobos BUAP por su primer triunfo en Liga MX<\/a><\/span><\/p>\n<blockquote class=\"twitter-tweet\" data-width=\"500\">\n<p lang=\"es\" dir=\"ltr\">Andrea Duro revela romance con &#39;Chucharito&#39; <a href=\"https:\/\/t.co\/yh03ej0vwp\">pic.twitter.com\/yh03ej0vwp<\/a><\/p>\n<p>&mdash; Vania S\u00e1nchez (@ConVdeVan) <a href=\"https:\/\/twitter.com\/ConVdeVan\/status\/891402442608439296\">July 29, 2017<\/a><\/p><\/blockquote>\n<p><script async src=\"\/\/platform.twitter.com\/widgets.js\" charset=\"utf-8\"><\/script><\/p>\n<p>El delantero mexicano respondi\u00f3 e hizo una captura de pantalla del v\u00eddeo de Andrea Duro, y la colg\u00f3 \u00e9l mismo como foto, a\u00f1adi\u00e9ndole un par de emoticones: uno &#8220;babeando&#8221; y el otro con los ojos de coraz\u00f3n.<\/p>\n<p><a href=\"https:\/\/www.futboltotal.com.mx\/wp-content\/uploads\/2017\/07\/1501410211_799871_1501410301_sumario_normal.jpg\"><img decoding=\"async\" loading=\"lazy\" class=\"size-full wp-image-491108 aligncenter\" src=\"https:\/\/www.futboltotal.com.mx\/wp-content\/uploads\/2017\/07\/1501410211_799871_1501410301_sumario_normal.jpg\" alt=\"Andrea Duro revel\u00f3 romance con Chicharito \u00a1Desc\u00fabrelo! 0\" srcset=\"http:\/\/desarrollo.grupomedios.com\/futbol\/wp-content\/uploads\/2017\/07\/1501410211_799871_1501410301_sumario_normal.jpg 649w, http:\/\/desarrollo.grupomedios.com\/futbol\/wp-content\/uploads\/2017\/07\/1501410211_799871_1501410301_sumario_normal-237x300.jpg 237w\" sizes=\"(max-width: 649px) 100vw, 649px\" \/><\/a><\/p>\n<p>Hace unos d\u00edas,<strong> Chicharito<\/strong> ya hab\u00eda comentado una de las fotos de la actriz, en donde le preguntaba si pod\u00eda conocerla, a lo que Duro respondi\u00f3: &#8220;pens\u00e9 que ya me conoc\u00edas&#8221;.<\/p>\n<p>Desde el mes de mayo,<strong> Chicharito Hern\u00e1ndez<\/strong> no deja de dar me gusta a la publicaciones de Andrea Duro; e incluso se especula que el ramo de rosas con el que aparece en su perfil fue obsequiado por el mexicano.<\/p>\n<blockquote class=\"instagram-media\" style=\"background: #FFF; border: 0; border-radius: 3px; box-shadow: 0 0 1px 0 rgba(0,0,0,0.5),0 1px 10px 0 rgba(0,0,0,0.15); margin: 1px; max-width: 658px; padding: 0; width: calc(100% - 2px);\" data-instgrm-captioned=\"\" data-instgrm-version=\"7\">\n<div style=\"padding: 8px;\">\n<div style=\"background: #F8F8F8; line-height: 0; margin-top: 40px; padding: 62.4537037037037% 0; text-align: center; width: 100%;\"><\/div>\n<p style=\"margin: 8px 0 0 0; padding: 0 4px;\"><a style=\"color: #000; font-family: Arial,sans-serif; font-size: 14px; font-style: normal; font-weight: normal; line-height: 17px; text-decoration: none; word-wrap: break-word;\" href=\"https:\/\/www.instagram.com\/p\/BW-3EXGgA9P\/\" target=\"_blank\" rel=\"noopener noreferrer\">Que todo lo bueno te siga, te encuentre y se quede contigo \u2b50\ufe0f \u2022\u2022\u2022\u2022\u2022\u2022\u2022\u2022\u2022\u2022\u2022\u2022\u2022\u2022\u2022\u2022\u2022\u2022\u2022\u2022\u2022\u2022\u2022\u2022\u2022\u2022\u2022\u2022\u2022\u2022\u2022\u2022\u2022\u2022\u2022 #buenasnoches #muchoamor #todolobueno #felicidad<\/a><\/p>\n<p style=\"color: #c9c8cd; font-family: Arial,sans-serif; font-size: 14px; line-height: 17px; margin-bottom: 0; margin-top: 8px; overflow: hidden; padding: 8px 0 7px; text-align: center; text-overflow: ellipsis; white-space: nowrap;\">Una publicaci\u00f3n compartida de Andrea Duro (@andreaduro) el <time style=\"font-family: Arial,sans-serif; font-size: 14px; line-height: 17px;\" datetime=\"2017-07-25T20:01:01+00:00\">25 de Jul de 2017 a la(s) 1:01 PDT<\/time><\/p>\n<\/div>\n<\/blockquote>\n<p><script async defer src=\"\/\/platform.instagram.com\/en_US\/embeds.js\"><\/script><\/p>\n<blockquote class=\"instagram-media\" style=\"background: #FFF; border: 0; border-radius: 3px; box-shadow: 0 0 1px 0 rgba(0,0,0,0.5),0 1px 10px 0 rgba(0,0,0,0.15); margin: 1px; max-width: 658px; padding: 0; width: calc(100% - 2px);\" data-instgrm-captioned=\"\" data-instgrm-version=\"7\">\n<div style=\"padding: 8px;\">\n<div style=\"background: #F8F8F8; line-height: 0; margin-top: 40px; padding: 62.5% 0; text-align: center; width: 100%;\"><\/div>\n<p style=\"margin: 8px 0 0 0; padding: 0 4px;\"><a style=\"color: #000; font-family: Arial,sans-serif; font-size: 14px; font-style: normal; font-weight: normal; line-height: 17px; text-decoration: none; word-wrap: break-word;\" href=\"https:\/\/www.instagram.com\/p\/BWsBaV3g-wP\/\" target=\"_blank\" rel=\"noopener noreferrer\">No me gustan las fotos en ba\u00f1ador&#8230; que va &#x1f602;&#x1f602; #felizmartes<\/a><\/p>\n<p style=\"color: #c9c8cd; font-family: Arial,sans-serif; font-size: 14px; line-height: 17px; margin-bottom: 0; margin-top: 8px; overflow: hidden; padding: 8px 0 7px; text-align: center; text-overflow: ellipsis; white-space: nowrap;\">Una publicaci\u00f3n compartida de Andrea Duro (@andreaduro) el <time style=\"font-family: Arial,sans-serif; font-size: 14px; line-height: 17px;\" datetime=\"2017-07-18T12:25:50+00:00\">18 de Jul de 2017 a la(s) 5:25 PDT<\/time><\/p>\n<\/div>\n<\/blockquote>\n<p><script async defer src=\"\/\/platform.instagram.com\/en_US\/embeds.js\"><\/script><\/p>\n","protected":false},"excerpt":{"rendered":"<p>El mexicano tendr\u00eda a la actriz como su nueva conquista.<\/p>\n","protected":false},"author":20,"featured_media":491109,"comment_status":"closed","ping_status":"closed","sticky":false,"template":"","format":"standard","meta":[],"categories":[5419,5,2198],"tags":[5460,549],"_links":{"self":[{"href":"http:\/\/desarrollo.grupomedios.com\/futbol\/wp-json\/wp\/v2\/posts\/491107"}],"collection":[{"href":"http:\/\/desarrollo.grupomedios.com\/futbol\/wp-json\/wp\/v2\/posts"}],"about":[{"href":"http:\/\/desarrollo.grupomedios.com\/futbol\/wp-json\/wp\/v2\/types\/post"}],"author":[{"embeddable":true,"href":"http:\/\/desarrollo.grupomedios.com\/futbol\/wp-json\/wp\/v2\/users\/20"}],"replies":[{"embeddable":true,"href":"http:\/\/desarrollo.grupomedios.com\/futbol\/wp-json\/wp\/v2\/comments?post=491107"}],"version-history":[{"count":2,"href":"http:\/\/desarrollo.grupomedios.com\/futbol\/wp-json\/wp\/v2\/posts\/491107\/revisions"}],"predecessor-version":[{"id":491114,"href":"http:\/\/desarrollo.grupomedios.com\/futbol\/wp-json\/wp\/v2\/posts\/491107\/revisions\/491114"}],"wp:featuredmedia":[{"embeddable":true,"href":"http:\/\/desarrollo.grupomedios.com\/futbol\/wp-json\/wp\/v2\/media\/491109"}],"wp:attachment":[{"href":"http:\/\/desarrollo.grupomedios.com\/futbol\/wp-json\/wp\/v2\/media?parent=491107"}],"wp:term":[{"taxonomy":"category","embeddable":true,"href":"http:\/\/desarrollo.grupomedios.com\/futbol\/wp-json\/wp\/v2\/categories?post=491107"},{"taxonomy":"post_tag","embeddable":true,"href":"http:\/\/desarrollo.grupomedios.com\/futbol\/wp-json\/wp\/v2\/tags?post=491107"}],"curies":[{"name":"wp","href":"https:\/\/api.w.org\/{rel}","templated":true}]}}