{"id":491111,"date":"2017-07-30T11:07:48","date_gmt":"2017-07-30T16:07:48","guid":{"rendered":"https:\/\/www.futboltotal.com.mx\/?p=491111"},"modified":"2017-07-30T11:07:48","modified_gmt":"2017-07-30T16:07:48","slug":"portero-de-lobos-buap-estuvo-cerca-de-perder-el-ojo","status":"publish","type":"post","link":"http:\/\/desarrollo.grupomedios.com\/futbol\/futbol-mexicano\/portero-de-lobos-buap-estuvo-cerca-de-perder-el-ojo\/2017\/07","title":{"rendered":"\u00a1Portero de Lobos BUAP estuvo cerca de perder el ojo!"},"content":{"rendered":"<p>Durante el duelo entre Quer\u00e9taro y<strong> Lobos BUAP<\/strong>, el potero del equipo poblano,<strong> Lucero \u00c1lvarez<\/strong>, tuvo que abandonar la cancha luego de una fractura de p\u00f3mulo izquierdo tras un choque con Everaldo Stum de Gallos.<\/p>\n<p>Cuando el elemento brasile\u00f1o buscaba un bal\u00f3n por arriba, el arquero sali\u00f3 a cortar la jugada; sin embargo, tuvo un choque accidental con el jugador de Quer\u00e9taro. Las asistencias entraron al terreno de juego para atender al arquero.<\/p>\n<p style=\"text-align: center;\"><span style=\"color: #3366ff;\"><a style=\"color: #3366ff;\" href=\"https:\/\/www.futboltotal.com.mx\/2017\/07\/actriz-andrea-duro-revelo-romance-chicharito\/\">VER M\u00c1S: Actriz Andrea Duro revel\u00f3 romance con Chicharito \u00a1Desc\u00fabrelo!<\/a><\/span><\/p>\n<blockquote class=\"twitter-tweet\" data-width=\"500\">\n<p lang=\"es\" dir=\"ltr\">\u00a1Impresionante encontronazo! El arquero de Lobos BUAP Lucero \u00c1lvarez es golpeado en el p\u00f3mulo EN VIVO <a href=\"https:\/\/twitter.com\/hashtag\/FutEnImagen?src=hash\">#FutEnImagen<\/a>: <a href=\"https:\/\/t.co\/nfthkPYMyb\">https:\/\/t.co\/nfthkPYMyb<\/a> <a href=\"https:\/\/t.co\/hjI8HvATtm\">pic.twitter.com\/hjI8HvATtm<\/a><\/p>\n<p>&mdash; Imagen Televisi\u00f3n (@ImagenTVMex) <a href=\"https:\/\/twitter.com\/ImagenTVMex\/status\/891446119829430272\">July 29, 2017<\/a><\/p><\/blockquote>\n<p><script async src=\"\/\/platform.twitter.com\/widgets.js\" charset=\"utf-8\"><\/script><\/p>\n<p>Tras la lesi\u00f3n de <strong>\u00c1lvarez<\/strong>, el arquero fue trasladado r\u00e1pidamente al hospital y el delantero colombiano, Julian Qui\u00f1ones, tuvo que porterear en lo que quedaba de juego.<\/p>\n<p>El guardameta de <strong>Lobos BUAP<\/strong> ya fue intervenido de una triple lesi\u00f3n de p\u00f3mulo y estuvo a punto de perder el ojo debido al fuerte golpe, as\u00ed lo revel\u00f3 a trav\u00e9s de sus redes sociales.<\/p>\n<blockquote class=\"twitter-tweet\" data-width=\"500\">\n<p lang=\"es\" dir=\"ltr\">Y ayer <a href=\"https:\/\/twitter.com\/TiagoVolpi\">@TiagoVolpi<\/a> &#8230;<a href=\"https:\/\/twitter.com\/hashtag\/FairPlay?src=hash\">#FairPlay<\/a> <a href=\"https:\/\/twitter.com\/hashtag\/FuerzaLuceroAlvarez?src=hash\">#FuerzaLuceroAlvarez<\/a> <a href=\"https:\/\/twitter.com\/record_mexico\">@record_mexico<\/a> <a href=\"https:\/\/twitter.com\/futpicante\">@futpicante<\/a> <a href=\"https:\/\/twitter.com\/SoyFan10\">@SoyFan10<\/a> <a href=\"https:\/\/twitter.com\/LaPlataformaDep\">@LaPlataformaDep<\/a> <a href=\"https:\/\/twitter.com\/ASMexico\">@ASMexico<\/a> <a href=\"https:\/\/twitter.com\/UpalabraMX\">@UpalabraMX<\/a> LOBOS BUAP <a href=\"https:\/\/t.co\/JXptZvOfrr\">pic.twitter.com\/JXptZvOfrr<\/a><\/p>\n<p>&mdash; D.T. TEMO RIVERA. (@ultrachapu) <a href=\"https:\/\/twitter.com\/ultrachapu\/status\/891647573647339520\">July 30, 2017<\/a><\/p><\/blockquote>\n<p><script async src=\"\/\/platform.twitter.com\/widgets.js\" charset=\"utf-8\"><\/script><\/p>\n","protected":false},"excerpt":{"rendered":"<p>El portero abandon\u00f3 el campo en el partido ante Gallos.<\/p>\n","protected":false},"author":20,"featured_media":491112,"comment_status":"closed","ping_status":"closed","sticky":false,"template":"","format":"standard","meta":[],"categories":[2198,3845],"tags":[64,431,9551],"_links":{"self":[{"href":"http:\/\/desarrollo.grupomedios.com\/futbol\/wp-json\/wp\/v2\/posts\/491111"}],"collection":[{"href":"http:\/\/desarrollo.grupomedios.com\/futbol\/wp-json\/wp\/v2\/posts"}],"about":[{"href":"http:\/\/desarrollo.grupomedios.com\/futbol\/wp-json\/wp\/v2\/types\/post"}],"author":[{"embeddable":true,"href":"http:\/\/desarrollo.grupomedios.com\/futbol\/wp-json\/wp\/v2\/users\/20"}],"replies":[{"embeddable":true,"href":"http:\/\/desarrollo.grupomedios.com\/futbol\/wp-json\/wp\/v2\/comments?post=491111"}],"version-history":[{"count":1,"href":"http:\/\/desarrollo.grupomedios.com\/futbol\/wp-json\/wp\/v2\/posts\/491111\/revisions"}],"predecessor-version":[{"id":491113,"href":"http:\/\/desarrollo.grupomedios.com\/futbol\/wp-json\/wp\/v2\/posts\/491111\/revisions\/491113"}],"wp:featuredmedia":[{"embeddable":true,"href":"http:\/\/desarrollo.grupomedios.com\/futbol\/wp-json\/wp\/v2\/media\/491112"}],"wp:attachment":[{"href":"http:\/\/desarrollo.grupomedios.com\/futbol\/wp-json\/wp\/v2\/media?parent=491111"}],"wp:term":[{"taxonomy":"category","embeddable":true,"href":"http:\/\/desarrollo.grupomedios.com\/futbol\/wp-json\/wp\/v2\/categories?post=491111"},{"taxonomy":"post_tag","embeddable":true,"href":"http:\/\/desarrollo.grupomedios.com\/futbol\/wp-json\/wp\/v2\/tags?post=491111"}],"curies":[{"name":"wp","href":"https:\/\/api.w.org\/{rel}","templated":true}]}}