{"id":491120,"date":"2017-07-30T13:45:07","date_gmt":"2017-07-30T18:45:07","guid":{"rendered":"https:\/\/www.futboltotal.com.mx\/?p=491120"},"modified":"2017-07-30T13:45:07","modified_gmt":"2017-07-30T18:45:07","slug":"raul-jimenez-benfica-se-despiden-sin-triunfo-en-la-emirates-cup","status":"publish","type":"post","link":"http:\/\/desarrollo.grupomedios.com\/futbol\/futbol-internacional\/raul-jimenez-benfica-se-despiden-sin-triunfo-en-la-emirates-cup\/2017\/07","title":{"rendered":"Ra\u00fal Jim\u00e9nez y Benfica se despiden sin triunfo en la Emirates Cup"},"content":{"rendered":"<p><strong>Ra\u00fal Jim\u00e9nez<\/strong> y <strong>Benfica<\/strong> se despidieron sin triunfo en la <strong>Emirates Cup<\/strong> luego de que el <strong>Red Bull Leipzig<\/strong> derrotar\u00e1 a las \u00c1guilas con marcador de 2-0 en la cancha del Arsenal.<\/p>\n<blockquote class=\"twitter-tweet\" data-lang=\"es\">\n<p dir=\"ltr\" lang=\"pt\"><a href=\"https:\/\/twitter.com\/hashtag\/RBLSLB?src=hash\">#RBLSLB<\/a> | 2-0 | \u23f9 Termina o encontro no Emirates Stadium. <a href=\"https:\/\/twitter.com\/hashtag\/RBLSLB?src=hash\">#RBLSLB<\/a> <a href=\"https:\/\/twitter.com\/hashtag\/EmiratesCup?src=hash\">#EmiratesCup<\/a> <a href=\"https:\/\/t.co\/JjS4l2Lp2L\">pic.twitter.com\/JjS4l2Lp2L<\/a><\/p>\n<p>\u2014 SL Benfica (@SLBenfica) <a href=\"https:\/\/twitter.com\/SLBenfica\/status\/891671857988071424\">30 de julio de 2017<\/a><\/p><\/blockquote>\n<p><script async src=\"\/\/platform.twitter.com\/widgets.js\" charset=\"utf-8\"><\/script><\/p>\n<p>El Emirates Stadium fue el escenario de este compromiso de la segunda jornada del torneo amistoso organizado por Arsenal y su patrocinador oficial, en el que <strong>Benfica<\/strong> culmin\u00f3 con las manos vac\u00edas, ya que en la v\u00edspera cay\u00f3 goleado por los Gunners.<\/p>\n<p><em>Las \u00c1guilas<\/em> se encontraron este d\u00eda con el subcampe\u00f3n alem\u00e1n, que antes del descanso se fue con ventaja de 1-0 tras la anotaci\u00f3n de Marcel Halstenberg a los 19 minutos de juego. En el complemento, Leipzig aument\u00f3 la diferencia 2-0 por conducto de Marvin Compper, al 53, ambas anotaciones teutonas por elementos de caracter\u00edsticas defensivas.<\/p>\n<p style=\"text-align: center;\"><span style=\"color: #3366ff;\"><a style=\"color: #3366ff;\" href=\"https:\/\/www.futboltotal.com.mx\/2017\/07\/ochoa-debuda-en-la-liga-de-belgica-y-recibe-el-gol-mas-rapido-de-la-jornada\/\">VER M\u00c1S: Ochoa debuta en la Liga de B\u00e9lgica y recibe el gol m\u00e1s r\u00e1pido de la jornada<\/a><\/span><\/p>\n<p><strong>Ra\u00fal Alonso<\/strong> fue titular por vez primera en esta pretemporada con<strong> Benfica<\/strong>, recibi\u00f3 el voto de confianza del t\u00e9cnico Rui Vitoria y aunque se le vio participativo, poco da\u00f1o pudo hacer sobre la porter\u00eda rival. El mexicano, que todo parece indicar continuar\u00e1 en el club lisboeta, fue reemplazado por el griego Kostantinos Mitroglou, al minuto 73. Dura competencia tendr\u00e1 el hidalguense ya que <strong>Benfica<\/strong> dispone de cuatro atacantes natos.<\/p>\n<p><iframe loading=\"lazy\" src=\"https:\/\/www.youtube.com\/embed\/XGjCISGwxMU?feature=oembed\" frameborder=\"0\" allowfullscreen><\/iframe><\/p>\n<p>Adem\u00e1s de <strong>Jim\u00e9nez<\/strong> y el hel\u00e9nico, est\u00e1n el brasile\u00f1o Jonas Gon\u00e7alves y el reciente fichaje, el suizo Haris Seferovic, por lo que el tricolor espera que las lesiones le respeten para competir por un sitio en el esquema titular. En esta Emirates Cup, <strong>Benfica<\/strong> se fue sin puntos y Ra\u00fal Jim\u00e9nez fue el tercer mexicano en la historia del certamen en jugarlo tras Carlos Vela (Arsenal) y Efra\u00edn Ju\u00e1rez (Celtic).<\/p>\n","protected":false},"excerpt":{"rendered":"<p>El mexicano disput\u00f3 su primer partido como titular.<\/p>\n","protected":false},"author":20,"featured_media":491128,"comment_status":"closed","ping_status":"closed","sticky":false,"template":"","format":"standard","meta":[],"categories":[3839],"tags":[6060,6214,742],"_links":{"self":[{"href":"http:\/\/desarrollo.grupomedios.com\/futbol\/wp-json\/wp\/v2\/posts\/491120"}],"collection":[{"href":"http:\/\/desarrollo.grupomedios.com\/futbol\/wp-json\/wp\/v2\/posts"}],"about":[{"href":"http:\/\/desarrollo.grupomedios.com\/futbol\/wp-json\/wp\/v2\/types\/post"}],"author":[{"embeddable":true,"href":"http:\/\/desarrollo.grupomedios.com\/futbol\/wp-json\/wp\/v2\/users\/20"}],"replies":[{"embeddable":true,"href":"http:\/\/desarrollo.grupomedios.com\/futbol\/wp-json\/wp\/v2\/comments?post=491120"}],"version-history":[{"count":1,"href":"http:\/\/desarrollo.grupomedios.com\/futbol\/wp-json\/wp\/v2\/posts\/491120\/revisions"}],"predecessor-version":[{"id":491129,"href":"http:\/\/desarrollo.grupomedios.com\/futbol\/wp-json\/wp\/v2\/posts\/491120\/revisions\/491129"}],"wp:featuredmedia":[{"embeddable":true,"href":"http:\/\/desarrollo.grupomedios.com\/futbol\/wp-json\/wp\/v2\/media\/491128"}],"wp:attachment":[{"href":"http:\/\/desarrollo.grupomedios.com\/futbol\/wp-json\/wp\/v2\/media?parent=491120"}],"wp:term":[{"taxonomy":"category","embeddable":true,"href":"http:\/\/desarrollo.grupomedios.com\/futbol\/wp-json\/wp\/v2\/categories?post=491120"},{"taxonomy":"post_tag","embeddable":true,"href":"http:\/\/desarrollo.grupomedios.com\/futbol\/wp-json\/wp\/v2\/tags?post=491120"}],"curies":[{"name":"wp","href":"https:\/\/api.w.org\/{rel}","templated":true}]}}