{"id":491165,"date":"2017-07-30T16:43:50","date_gmt":"2017-07-30T21:43:50","guid":{"rendered":"https:\/\/www.futboltotal.com.mx\/?p=491165"},"modified":"2017-07-30T16:55:50","modified_gmt":"2017-07-30T21:55:50","slug":"omar-govea-debuta-con-el-pie-derecho-en-belgica","status":"publish","type":"post","link":"http:\/\/desarrollo.grupomedios.com\/futbol\/futbol-internacional\/omar-govea-debuta-con-el-pie-derecho-en-belgica\/2017\/07","title":{"rendered":"Omar Govea debuta con el pie derecho en B\u00e9lgica"},"content":{"rendered":"<p><a href=\"https:\/\/www.futboltotal.com.mx\/2017\/07\/ochoa-debuda-en-la-liga-de-belgica-y-recibe-el-gol-mas-rapido-de-la-jornada\/\" target=\"_blank\" rel=\"noopener noreferrer\"><span style=\"color: #333399;\"><strong>Guillermo Ochoa<\/strong><\/span><\/a> debut\u00f3 con empate en la <strong>Jupiter Pro League<\/strong> de<strong> B\u00e9lgica,<\/strong> mientras que <a href=\"https:\/\/www.futboltotal.com.mx\/2017\/07\/omar-govea-tiene-sus-primeros-minutos-en-belgica\/\" target=\"_blank\" rel=\"noopener noreferrer\"><span style=\"color: #333399;\"><strong>Omar Govea<\/strong><\/span><\/a>, del <strong>Royal Excel Mouscron<\/strong>, tuvo un debut so\u00f1ado, luego de que su equipo se impusiera al <strong>Oostende<\/strong> por marcador de 1-0, en un encuentro en el que el mexicano disput\u00f3 casi todo el encuentro.<\/p>\n<p style=\"text-align: center;\"><a href=\"https:\/\/www.futboltotal.com.mx\/2017\/07\/jonathan-dos-santos-recibio-una-bienvenida-espectacular-del-galaxy\/\" target=\"_blank\" rel=\"noopener noreferrer\"><span style=\"color: #333399;\">VER M\u00c1S:\u00a0Jonathan Dos Santos recibi\u00f3 una bienvenida espectacular del Galaxy<\/span><\/a><\/p>\n<p><strong>Govea<\/strong> disput\u00f3 los 90 minutos, siendo sustituido por su club en el tiempo a\u00f1adido, donde demostr\u00f3 sus grandes cualidades y tuvo una gran actuaci\u00f3n con el cuadro belga, que sum\u00f3 sus primeros tres puntos del torneo<\/p>\n<p style=\"text-align: center;\"><a href=\"https:\/\/www.futboltotal.com.mx\/2017\/07\/cantantes-japoneses-presumieron-video-con-la-playera-del-america\/\" target=\"_blank\" rel=\"noopener noreferrer\"><span style=\"color: #333399;\">VER M\u00c1S:\u00a0Cantantes japonesas presumieron video con la playera del Am\u00e9rica<\/span><\/a><\/p>\n<p style=\"text-align: center;\"><a href=\"https:\/\/www.futboltotal.com.mx\/wp-content\/uploads\/2017\/07\/DGAljo0UIAAK6jq.jpg\"><img decoding=\"async\" loading=\"lazy\" class=\"alignnone wp-image-491166 size-full\" src=\"https:\/\/www.futboltotal.com.mx\/wp-content\/uploads\/2017\/07\/DGAljo0UIAAK6jq.jpg\" alt=\"Omar Govea debuta con el pie derecho en B\u00e9lgica 0\" srcset=\"http:\/\/desarrollo.grupomedios.com\/futbol\/wp-content\/uploads\/2017\/07\/DGAljo0UIAAK6jq.jpg 540w, http:\/\/desarrollo.grupomedios.com\/futbol\/wp-content\/uploads\/2017\/07\/DGAljo0UIAAK6jq-169x300.jpg 169w\" sizes=\"(max-width: 540px) 100vw, 540px\" \/><\/a><\/p>\n","protected":false},"excerpt":{"rendered":"<p>Omar Govea debut\u00f3 y fue titular en la victoria del Royal Excel <\/p>\n","protected":false},"author":20,"featured_media":487820,"comment_status":"closed","ping_status":"closed","sticky":false,"template":"","format":"standard","meta":[],"categories":[3839,6718],"tags":[9555,5612,9554],"_links":{"self":[{"href":"http:\/\/desarrollo.grupomedios.com\/futbol\/wp-json\/wp\/v2\/posts\/491165"}],"collection":[{"href":"http:\/\/desarrollo.grupomedios.com\/futbol\/wp-json\/wp\/v2\/posts"}],"about":[{"href":"http:\/\/desarrollo.grupomedios.com\/futbol\/wp-json\/wp\/v2\/types\/post"}],"author":[{"embeddable":true,"href":"http:\/\/desarrollo.grupomedios.com\/futbol\/wp-json\/wp\/v2\/users\/20"}],"replies":[{"embeddable":true,"href":"http:\/\/desarrollo.grupomedios.com\/futbol\/wp-json\/wp\/v2\/comments?post=491165"}],"version-history":[{"count":1,"href":"http:\/\/desarrollo.grupomedios.com\/futbol\/wp-json\/wp\/v2\/posts\/491165\/revisions"}],"predecessor-version":[{"id":491167,"href":"http:\/\/desarrollo.grupomedios.com\/futbol\/wp-json\/wp\/v2\/posts\/491165\/revisions\/491167"}],"wp:featuredmedia":[{"embeddable":true,"href":"http:\/\/desarrollo.grupomedios.com\/futbol\/wp-json\/wp\/v2\/media\/487820"}],"wp:attachment":[{"href":"http:\/\/desarrollo.grupomedios.com\/futbol\/wp-json\/wp\/v2\/media?parent=491165"}],"wp:term":[{"taxonomy":"category","embeddable":true,"href":"http:\/\/desarrollo.grupomedios.com\/futbol\/wp-json\/wp\/v2\/categories?post=491165"},{"taxonomy":"post_tag","embeddable":true,"href":"http:\/\/desarrollo.grupomedios.com\/futbol\/wp-json\/wp\/v2\/tags?post=491165"}],"curies":[{"name":"wp","href":"https:\/\/api.w.org\/{rel}","templated":true}]}}