{"id":491168,"date":"2017-07-30T17:05:12","date_gmt":"2017-07-30T22:05:12","guid":{"rendered":"https:\/\/www.futboltotal.com.mx\/?p=491168"},"modified":"2017-07-30T17:05:12","modified_gmt":"2017-07-30T22:05:12","slug":"tecatito-marca-en-goleada-del-porto-ante-el-deportivo-la-coruna","status":"publish","type":"post","link":"http:\/\/desarrollo.grupomedios.com\/futbol\/destacado-home\/tecatito-marca-en-goleada-del-porto-ante-el-deportivo-la-coruna\/2017\/07","title":{"rendered":"Tecatito marca en goleda del Porto ante el Deportivo la Coru\u00f1a"},"content":{"rendered":"<p>El volante mexicano <a href=\"https:\/\/www.futboltotal.com.mx\/2017\/07\/tecatito-corona-confeso-pasado-americanista\/\" target=\"_blank\" rel=\"noopener noreferrer\"><span style=\"color: #333399;\"><strong>Jes\u00fas Corona<\/strong><\/span><\/a> tuvo un buen partido en la victoria del <a href=\"https:\/\/www.futboltotal.com.mx\/2017\/07\/porto-excluye-a-raul-gudino-de-la-boto-oficial\/\" target=\"_blank\" rel=\"noopener noreferrer\"><span style=\"color: #333399;\"><strong>Porto<\/strong><\/span><\/a> por 4-0 ante el<strong> Deportivo La Coru\u00f1a<\/strong>, encuentro en el que se hizo presente con un gol.<\/p>\n<p style=\"text-align: center;\"><a href=\"https:\/\/www.futboltotal.com.mx\/2017\/07\/omar-govea-debuta-con-el-pie-derecho-en-belgica\/\" target=\"_blank\" rel=\"noopener noreferrer\"><span style=\"color: #333399;\">VER M\u00c1S:\u00a0Omar Govea debuta con el pie derecho en B\u00e9lgica<\/span><\/a><\/p>\n<p>\u2018Tecatito\u2019 fue el \u00fanico jugador mexicano que arranc\u00f3 el cotejo de titular y se hizo presente en el marcador al 55\u2019, marcando el tercer tanto, luego de recuperar el bal\u00f3n por sector derecho, enfilarse al \u00e1rea rival y sacar un potente disparo que dej\u00f3 sin oportunidad al arquero rival.<\/p>\n<p>&nbsp;<\/p>\n<blockquote class=\"twitter-video\" data-lang=\"es\">\n<p dir=\"ltr\" lang=\"und\"><a href=\"https:\/\/t.co\/IBUcjIrOsx\">pic.twitter.com\/IBUcjIrOsx<\/a><\/p>\n<p>\u2014 FC Porto (@FCPorto) <a href=\"https:\/\/twitter.com\/FCPorto\/status\/891753465059397633\">30 de julio de 2017<\/a><\/p><\/blockquote>\n<p><script async src=\"\/\/platform.twitter.com\/widgets.js\" charset=\"utf-8\"><\/script><\/p>\n<p style=\"text-align: center;\"><a href=\"https:\/\/www.futboltotal.com.mx\/2017\/07\/jonathan-dos-santos-recibio-una-bienvenida-espectacular-del-galaxy\/\" target=\"_blank\" rel=\"noopener noreferrer\"><span style=\"color: #333399;\">VER M\u00c1S:\u00a0Jonathan Dos Santos recibi\u00f3 una bienvenida espectacular del Galaxy<\/span><\/a><\/p>\n<p><strong>Corona<\/strong> fue sustituido al 59, instante en el que entraron de cambio sus compatriotas <strong><a href=\"https:\/\/www.futboltotal.com.mx\/2017\/07\/sstuttgart-prepara-oferta-de-10-millones-de-euros-por-diego-reyes\/\" target=\"_blank\" rel=\"noopener noreferrer\"><span style=\"color: #333399;\">Diego Reyes<\/span><\/a>, <a href=\"https:\/\/www.futboltotal.com.mx\/2017\/07\/miguel-layun-sin-ofertas-dejar-al-porto\/\" target=\"_blank\" rel=\"noopener noreferrer\"><span style=\"color: #333399;\">Miguel Lay\u00fan <\/span><\/a><\/strong>y<a href=\"https:\/\/www.futboltotal.com.mx\/2017\/07\/porto-le-pone-precio-millonario-a-hector-herrera\/\" target=\"_blank\" rel=\"noopener noreferrer\"><span style=\"color: #333399;\"><strong> H\u00e9ctor Herrera.<\/strong><\/span><\/a><\/p>\n","protected":false},"excerpt":{"rendered":"<p>Tecatito marca en la goleada del Porto <\/p>\n","protected":false},"author":20,"featured_media":451636,"comment_status":"closed","ping_status":"closed","sticky":false,"template":"","format":"standard","meta":[],"categories":[5,3839,6718],"tags":[6006,5995,5443,1035,1208,3985],"_links":{"self":[{"href":"http:\/\/desarrollo.grupomedios.com\/futbol\/wp-json\/wp\/v2\/posts\/491168"}],"collection":[{"href":"http:\/\/desarrollo.grupomedios.com\/futbol\/wp-json\/wp\/v2\/posts"}],"about":[{"href":"http:\/\/desarrollo.grupomedios.com\/futbol\/wp-json\/wp\/v2\/types\/post"}],"author":[{"embeddable":true,"href":"http:\/\/desarrollo.grupomedios.com\/futbol\/wp-json\/wp\/v2\/users\/20"}],"replies":[{"embeddable":true,"href":"http:\/\/desarrollo.grupomedios.com\/futbol\/wp-json\/wp\/v2\/comments?post=491168"}],"version-history":[{"count":1,"href":"http:\/\/desarrollo.grupomedios.com\/futbol\/wp-json\/wp\/v2\/posts\/491168\/revisions"}],"predecessor-version":[{"id":491170,"href":"http:\/\/desarrollo.grupomedios.com\/futbol\/wp-json\/wp\/v2\/posts\/491168\/revisions\/491170"}],"wp:featuredmedia":[{"embeddable":true,"href":"http:\/\/desarrollo.grupomedios.com\/futbol\/wp-json\/wp\/v2\/media\/451636"}],"wp:attachment":[{"href":"http:\/\/desarrollo.grupomedios.com\/futbol\/wp-json\/wp\/v2\/media?parent=491168"}],"wp:term":[{"taxonomy":"category","embeddable":true,"href":"http:\/\/desarrollo.grupomedios.com\/futbol\/wp-json\/wp\/v2\/categories?post=491168"},{"taxonomy":"post_tag","embeddable":true,"href":"http:\/\/desarrollo.grupomedios.com\/futbol\/wp-json\/wp\/v2\/tags?post=491168"}],"curies":[{"name":"wp","href":"https:\/\/api.w.org\/{rel}","templated":true}]}}