{"id":491173,"date":"2017-07-30T17:25:38","date_gmt":"2017-07-30T22:25:38","guid":{"rendered":"https:\/\/www.futboltotal.com.mx\/?p=491173"},"modified":"2017-07-30T17:26:59","modified_gmt":"2017-07-30T22:26:59","slug":"arsenal-desconfia-de-alexis-sanchez-y-manda-medico-para-corroborar-enfermedad","status":"publish","type":"post","link":"http:\/\/desarrollo.grupomedios.com\/futbol\/futbol-internacional\/arsenal-desconfia-de-alexis-sanchez-y-manda-medico-para-corroborar-enfermedad\/2017\/07","title":{"rendered":"Arsenal desconf\u00eda de Alexis S\u00e1nchez y le manda m\u00e9dico privado"},"content":{"rendered":"<p>Todo parece indicar que el <a href=\"https:\/\/www.futboltotal.com.mx\/2017\/07\/arsenal-se-mando-tremendo-ridiculo-colocando-11-jugadores-en-barrera\/\" target=\"_blank\" rel=\"noopener noreferrer\"><span style=\"color: #333399;\"><strong>Arsenal<\/strong><\/span><\/a> ya no conf\u00eda en <a href=\"https:\/\/www.futboltotal.com.mx\/2017\/07\/unai-emery-pidio-a-alexis-sanchez-en-el-psg\/\" target=\"_blank\" rel=\"noopener noreferrer\"><span style=\"color: #333399;\"><strong>Alexis S\u00e1nchez<\/strong><\/span><\/a>, as\u00ed lo demostraron los <em>Gunners<\/em> al enviarle un doctor al domicilio del andino para corroborar su enfermedad, luego de que el delantero publicara en su cuenta de <strong>Instagram<\/strong> que se encontraba enfermo.<\/p>\n<p style=\"text-align: center;\"><a href=\"https:\/\/www.futboltotal.com.mx\/2017\/07\/tecatito-marca-en-goleada-del-porto-ante-el-deportivo-la-coruna\/\" target=\"_blank\" rel=\"noopener noreferrer\"><span style=\"color: #333399;\">VER M\u00c1S:\u00a0Tecatito marca en goleda del Porto ante el Deportivo la Coru\u00f1a<\/span><\/a><\/p>\n<p>De acuerdo con el Daily Mail, el atacante chileno recibi\u00f3 la visita de un m\u00e9dico del conjunto londinense, el cual confirm\u00f3 que<strong> S\u00e1nchez<\/strong> realmente se encontraba enfermo, por lo que no podr\u00e1 reportar con los ingleses el d\u00eda que ten\u00eda previsto.<\/p>\n<p style=\"text-align: center;\"><a href=\"https:\/\/www.futboltotal.com.mx\/2017\/07\/revelan-messi-pudo-llegar-a-la-premier-league-en-2016\/\" target=\"_blank\" rel=\"noopener noreferrer\"><span style=\"color: #333399;\">VER M\u00c1S:\u00a0\u00a1Revelan que Messi pudo llegar a la Premier League en 2016!<\/span><\/a><\/p>\n<p>La desconfianza de la escuadra dirigida por <a href=\"https:\/\/www.futboltotal.com.mx\/2017\/02\/arsene-wenger-se-vuelve-blanco-protestas-en-mitin-anti-trump\/\" target=\"_blank\" rel=\"noopener noreferrer\"><span style=\"color: #333399;\"><strong>Arsene Wenger<\/strong><\/span><\/a> se dio a ra\u00edz de que el atacante de <em>La Roja<\/em> diera a conocer que deseaba salir de las filas del <strong>Arsenal<\/strong>, debido a que los ingleses no disputar\u00e1n la <a href=\"https:\/\/www.futboltotal.com.mx\/2017\/07\/la-uefa-champions-league-cambiara-de-horario\/\" target=\"_blank\" rel=\"noopener noreferrer\"><span style=\"color: #333399;\"><strong>UEFA Champions League<\/strong><\/span><\/a>, por lo que buscar\u00eda acomodo en el<a href=\"https:\/\/www.futboltotal.com.mx\/2017\/07\/cronica-resultado-manchester-city-4-1-real-madrid-international-champions-cup\/\" target=\"_blank\" rel=\"noopener noreferrer\"><span style=\"color: #333399;\"><strong> Manchester City<\/strong><\/span><\/a> o el <a href=\"https:\/\/www.futboltotal.com.mx\/2017\/07\/barcelona-demandaria-al-psg-fichan-a-neymar\/\" target=\"_blank\" rel=\"noopener noreferrer\"><span style=\"color: #333399;\"><strong>PSG.<\/strong><\/span><\/a><\/p>\n<p>&nbsp;<\/p>\n<blockquote class=\"instagram-media\" style=\"background: #FFF; border: 0; border-radius: 3px; box-shadow: 0 0 1px 0 rgba(0,0,0,0.5),0 1px 10px 0 rgba(0,0,0,0.15); margin: 1px; max-width: 658px; padding: 0; width: calc(100% - 2px);\" data-instgrm-captioned=\"\" data-instgrm-version=\"7\">\n<div style=\"padding: 8px;\">\n<div style=\"background: #F8F8F8; line-height: 0; margin-top: 40px; padding: 50% 0; text-align: center; width: 100%;\"><\/div>\n<p style=\"margin: 8px 0 0 0; padding: 0 4px;\"><a style=\"color: #000; font-family: Arial,sans-serif; font-size: 14px; font-style: normal; font-weight: normal; line-height: 17px; text-decoration: none; word-wrap: break-word;\" href=\"https:\/\/www.instagram.com\/p\/BXEmsmhlNNx\/\" target=\"_blank\" rel=\"noopener noreferrer\">Enfermo  sick <\/a><\/p>\n<p style=\"color: #c9c8cd; font-family: Arial,sans-serif; font-size: 14px; line-height: 17px; margin-bottom: 0; margin-top: 8px; overflow: hidden; padding: 8px 0 7px; text-align: center; text-overflow: ellipsis; white-space: nowrap;\">Una publicaci\u00f3n compartida de Alexis Sanchez (@alexis_officia1) el <time style=\"font-family: Arial,sans-serif; font-size: 14px; line-height: 17px;\" datetime=\"2017-07-28T01:33:25+00:00\">27 de Jul de 2017 a la(s) 6:33 PDT<\/time><\/p>\n<\/div>\n<\/blockquote>\n<p><script async defer src=\"\/\/platform.instagram.com\/en_US\/embeds.js\"><\/script><\/p>\n","protected":false},"excerpt":{"rendered":"<p>Arsenal ya no conf\u00eda en el delantero Alexis S\u00e1nchez.<\/p>\n","protected":false},"author":20,"featured_media":440110,"comment_status":"closed","ping_status":"closed","sticky":false,"template":"","format":"standard","meta":[],"categories":[5419,3839,3846],"tags":[6053,6044,2177],"_links":{"self":[{"href":"http:\/\/desarrollo.grupomedios.com\/futbol\/wp-json\/wp\/v2\/posts\/491173"}],"collection":[{"href":"http:\/\/desarrollo.grupomedios.com\/futbol\/wp-json\/wp\/v2\/posts"}],"about":[{"href":"http:\/\/desarrollo.grupomedios.com\/futbol\/wp-json\/wp\/v2\/types\/post"}],"author":[{"embeddable":true,"href":"http:\/\/desarrollo.grupomedios.com\/futbol\/wp-json\/wp\/v2\/users\/20"}],"replies":[{"embeddable":true,"href":"http:\/\/desarrollo.grupomedios.com\/futbol\/wp-json\/wp\/v2\/comments?post=491173"}],"version-history":[{"count":2,"href":"http:\/\/desarrollo.grupomedios.com\/futbol\/wp-json\/wp\/v2\/posts\/491173\/revisions"}],"predecessor-version":[{"id":491175,"href":"http:\/\/desarrollo.grupomedios.com\/futbol\/wp-json\/wp\/v2\/posts\/491173\/revisions\/491175"}],"wp:featuredmedia":[{"embeddable":true,"href":"http:\/\/desarrollo.grupomedios.com\/futbol\/wp-json\/wp\/v2\/media\/440110"}],"wp:attachment":[{"href":"http:\/\/desarrollo.grupomedios.com\/futbol\/wp-json\/wp\/v2\/media?parent=491173"}],"wp:term":[{"taxonomy":"category","embeddable":true,"href":"http:\/\/desarrollo.grupomedios.com\/futbol\/wp-json\/wp\/v2\/categories?post=491173"},{"taxonomy":"post_tag","embeddable":true,"href":"http:\/\/desarrollo.grupomedios.com\/futbol\/wp-json\/wp\/v2\/tags?post=491173"}],"curies":[{"name":"wp","href":"https:\/\/api.w.org\/{rel}","templated":true}]}}