{"id":491211,"date":"2017-07-30T22:04:13","date_gmt":"2017-07-31T03:04:13","guid":{"rendered":"https:\/\/www.futboltotal.com.mx\/?p=491211"},"modified":"2017-07-30T22:04:13","modified_gmt":"2017-07-31T03:04:13","slug":"las-bellezas-la-jornada-2-del-apertura-2017","status":"publish","type":"post","link":"http:\/\/desarrollo.grupomedios.com\/futbol\/galerias\/las-bellezas-la-jornada-2-del-apertura-2017\/2017\/07","title":{"rendered":"Las bellezas de la Jornada 2 del Apertura 2017"},"content":{"rendered":"<p>La <strong>Jornada 2<\/strong> del <strong>Apertura 2017<\/strong> dej\u00f3 como l\u00edder general a los <em>Rojinegros<\/em> del<strong> Atlas<\/strong>\u00a0con 6 puntos, tras vencer 2-1 a los <strong>Pumas<\/strong> de la<strong> UNAM<\/strong> y a<strong> Le\u00f3n<\/strong> en el \u00faltimo lugar con cero puntos, luego de caer ante <strong>Toluca<\/strong> por goleada de 3-1.<\/p>\n<p style=\"text-align: center;\"><a href=\"https:\/\/www.futboltotal.com.mx\/2017\/07\/resultado-cronica-santos-1-1-tigres-jornada-2-apertura-2017-liga-mx\/\" target=\"_blank\" rel=\"noopener noreferrer\"><span style=\"color: #333399;\">VER M\u00c1S:\u00a0Santos empata con Tigres en el cierre de la Jornada 2<\/span><\/a><\/p>\n<p>As\u00ed mismo, <strong>Lobos BUAP<\/strong> contin\u00faa en el \u00faltimo lugar de la porcentual, pero sum\u00f3 tres unidades al golear 4-1 a <em>Gallos Blancos<\/em> del<strong> Quer\u00e9taro.<\/strong><\/p>\n<p>Pero lo mejor de la <strong>Jornada 2<\/strong> fueron las bellezas que se dieron cita en los diversos estadios de la <strong>Liga MX<\/strong> para disfrutar de los encuentros, <strong>es por ello que Futbol Total te trae a las bellezas de la jornada:\u00a0<\/strong><\/p>\n<p><a href=\"https:\/\/www.futboltotal.com.mx\/wp-content\/uploads\/2017\/07\/6-5.jpg\"><img decoding=\"async\" loading=\"lazy\" class=\"alignnone size-large wp-image-491212\" src=\"https:\/\/www.futboltotal.com.mx\/wp-content\/uploads\/2017\/07\/6-5-1024x576.jpg\" alt=\"Las bellezas de la Jornada 2 del Apertura 2017 0\" srcset=\"http:\/\/desarrollo.grupomedios.com\/futbol\/wp-content\/uploads\/2017\/07\/6-5-1024x576.jpg 1024w, http:\/\/desarrollo.grupomedios.com\/futbol\/wp-content\/uploads\/2017\/07\/6-5-300x169.jpg 300w, http:\/\/desarrollo.grupomedios.com\/futbol\/wp-content\/uploads\/2017\/07\/6-5-768x432.jpg 768w, http:\/\/desarrollo.grupomedios.com\/futbol\/wp-content\/uploads\/2017\/07\/6-5-317x178.jpg 317w, http:\/\/desarrollo.grupomedios.com\/futbol\/wp-content\/uploads\/2017\/07\/6-5-535x301.jpg 535w, http:\/\/desarrollo.grupomedios.com\/futbol\/wp-content\/uploads\/2017\/07\/6-5-374x210.jpg 374w, http:\/\/desarrollo.grupomedios.com\/futbol\/wp-content\/uploads\/2017\/07\/6-5.jpg 1136w\" sizes=\"(max-width: 1024px) 100vw, 1024px\" \/><\/a> <a href=\"https:\/\/www.futboltotal.com.mx\/wp-content\/uploads\/2017\/07\/7-4.jpg\"><img decoding=\"async\" loading=\"lazy\" class=\"alignnone wp-image-491213 size-large\" src=\"https:\/\/www.futboltotal.com.mx\/wp-content\/uploads\/2017\/07\/7-4-1024x576.jpg\" alt=\"Las bellezas de la Jornada 2 del Apertura 2017 1\" srcset=\"http:\/\/desarrollo.grupomedios.com\/futbol\/wp-content\/uploads\/2017\/07\/7-4-1024x576.jpg 1024w, http:\/\/desarrollo.grupomedios.com\/futbol\/wp-content\/uploads\/2017\/07\/7-4-300x169.jpg 300w, http:\/\/desarrollo.grupomedios.com\/futbol\/wp-content\/uploads\/2017\/07\/7-4-768x432.jpg 768w, http:\/\/desarrollo.grupomedios.com\/futbol\/wp-content\/uploads\/2017\/07\/7-4-317x178.jpg 317w, http:\/\/desarrollo.grupomedios.com\/futbol\/wp-content\/uploads\/2017\/07\/7-4-535x301.jpg 535w, http:\/\/desarrollo.grupomedios.com\/futbol\/wp-content\/uploads\/2017\/07\/7-4-374x210.jpg 374w, http:\/\/desarrollo.grupomedios.com\/futbol\/wp-content\/uploads\/2017\/07\/7-4.jpg 1136w\" sizes=\"(max-width: 1024px) 100vw, 1024px\" \/><\/a> <a href=\"https:\/\/www.futboltotal.com.mx\/wp-content\/uploads\/2017\/07\/8-2.jpg\"><img decoding=\"async\" loading=\"lazy\" class=\"alignnone wp-image-491214 size-large\" src=\"https:\/\/www.futboltotal.com.mx\/wp-content\/uploads\/2017\/07\/8-2-1024x576.jpg\" alt=\"Las bellezas de la Jornada 2 del Apertura 2017 2\" srcset=\"http:\/\/desarrollo.grupomedios.com\/futbol\/wp-content\/uploads\/2017\/07\/8-2-1024x576.jpg 1024w, http:\/\/desarrollo.grupomedios.com\/futbol\/wp-content\/uploads\/2017\/07\/8-2-300x169.jpg 300w, http:\/\/desarrollo.grupomedios.com\/futbol\/wp-content\/uploads\/2017\/07\/8-2-768x432.jpg 768w, http:\/\/desarrollo.grupomedios.com\/futbol\/wp-content\/uploads\/2017\/07\/8-2-317x178.jpg 317w, http:\/\/desarrollo.grupomedios.com\/futbol\/wp-content\/uploads\/2017\/07\/8-2-535x301.jpg 535w, http:\/\/desarrollo.grupomedios.com\/futbol\/wp-content\/uploads\/2017\/07\/8-2-374x210.jpg 374w, http:\/\/desarrollo.grupomedios.com\/futbol\/wp-content\/uploads\/2017\/07\/8-2.jpg 1136w\" sizes=\"(max-width: 1024px) 100vw, 1024px\" \/><\/a> <a href=\"https:\/\/www.futboltotal.com.mx\/wp-content\/uploads\/2017\/07\/9-2.jpg\"><img decoding=\"async\" loading=\"lazy\" class=\"alignnone wp-image-491215 size-large\" src=\"https:\/\/www.futboltotal.com.mx\/wp-content\/uploads\/2017\/07\/9-2-1024x576.jpg\" alt=\"Las bellezas de la Jornada 2 del Apertura 2017 3\" srcset=\"http:\/\/desarrollo.grupomedios.com\/futbol\/wp-content\/uploads\/2017\/07\/9-2-1024x576.jpg 1024w, http:\/\/desarrollo.grupomedios.com\/futbol\/wp-content\/uploads\/2017\/07\/9-2-300x169.jpg 300w, http:\/\/desarrollo.grupomedios.com\/futbol\/wp-content\/uploads\/2017\/07\/9-2-768x432.jpg 768w, http:\/\/desarrollo.grupomedios.com\/futbol\/wp-content\/uploads\/2017\/07\/9-2-317x178.jpg 317w, http:\/\/desarrollo.grupomedios.com\/futbol\/wp-content\/uploads\/2017\/07\/9-2-535x301.jpg 535w, http:\/\/desarrollo.grupomedios.com\/futbol\/wp-content\/uploads\/2017\/07\/9-2-374x210.jpg 374w, http:\/\/desarrollo.grupomedios.com\/futbol\/wp-content\/uploads\/2017\/07\/9-2.jpg 1136w\" sizes=\"(max-width: 1024px) 100vw, 1024px\" \/><\/a> <a href=\"https:\/\/www.futboltotal.com.mx\/wp-content\/uploads\/2017\/07\/10-2.jpg\"><img decoding=\"async\" loading=\"lazy\" class=\"alignnone wp-image-491216 size-large\" src=\"https:\/\/www.futboltotal.com.mx\/wp-content\/uploads\/2017\/07\/10-2-1024x576.jpg\" alt=\"Las bellezas de la Jornada 2 del Apertura 2017 4\" srcset=\"http:\/\/desarrollo.grupomedios.com\/futbol\/wp-content\/uploads\/2017\/07\/10-2-1024x576.jpg 1024w, http:\/\/desarrollo.grupomedios.com\/futbol\/wp-content\/uploads\/2017\/07\/10-2-300x169.jpg 300w, http:\/\/desarrollo.grupomedios.com\/futbol\/wp-content\/uploads\/2017\/07\/10-2-768x432.jpg 768w, http:\/\/desarrollo.grupomedios.com\/futbol\/wp-content\/uploads\/2017\/07\/10-2-317x178.jpg 317w, http:\/\/desarrollo.grupomedios.com\/futbol\/wp-content\/uploads\/2017\/07\/10-2-535x301.jpg 535w, http:\/\/desarrollo.grupomedios.com\/futbol\/wp-content\/uploads\/2017\/07\/10-2-374x210.jpg 374w, http:\/\/desarrollo.grupomedios.com\/futbol\/wp-content\/uploads\/2017\/07\/10-2.jpg 1136w\" sizes=\"(max-width: 1024px) 100vw, 1024px\" \/><\/a> <a href=\"https:\/\/www.futboltotal.com.mx\/wp-content\/uploads\/2017\/07\/11-2.jpg\"><img decoding=\"async\" loading=\"lazy\" class=\"alignnone wp-image-491217 size-large\" src=\"https:\/\/www.futboltotal.com.mx\/wp-content\/uploads\/2017\/07\/11-2-1024x576.jpg\" alt=\"Las bellezas de la Jornada 2 del Apertura 2017 5\" srcset=\"http:\/\/desarrollo.grupomedios.com\/futbol\/wp-content\/uploads\/2017\/07\/11-2-1024x576.jpg 1024w, http:\/\/desarrollo.grupomedios.com\/futbol\/wp-content\/uploads\/2017\/07\/11-2-300x169.jpg 300w, http:\/\/desarrollo.grupomedios.com\/futbol\/wp-content\/uploads\/2017\/07\/11-2-768x432.jpg 768w, http:\/\/desarrollo.grupomedios.com\/futbol\/wp-content\/uploads\/2017\/07\/11-2-317x178.jpg 317w, http:\/\/desarrollo.grupomedios.com\/futbol\/wp-content\/uploads\/2017\/07\/11-2-535x301.jpg 535w, http:\/\/desarrollo.grupomedios.com\/futbol\/wp-content\/uploads\/2017\/07\/11-2-374x210.jpg 374w, http:\/\/desarrollo.grupomedios.com\/futbol\/wp-content\/uploads\/2017\/07\/11-2.jpg 1136w\" sizes=\"(max-width: 1024px) 100vw, 1024px\" \/><\/a> <a href=\"https:\/\/www.futboltotal.com.mx\/wp-content\/uploads\/2017\/07\/12-2.jpg\"><img decoding=\"async\" loading=\"lazy\" class=\"alignnone wp-image-491218 size-large\" src=\"https:\/\/www.futboltotal.com.mx\/wp-content\/uploads\/2017\/07\/12-2-1024x576.jpg\" alt=\"Las bellezas de la Jornada 2 del Apertura 2017 6\" srcset=\"http:\/\/desarrollo.grupomedios.com\/futbol\/wp-content\/uploads\/2017\/07\/12-2-1024x576.jpg 1024w, http:\/\/desarrollo.grupomedios.com\/futbol\/wp-content\/uploads\/2017\/07\/12-2-300x169.jpg 300w, http:\/\/desarrollo.grupomedios.com\/futbol\/wp-content\/uploads\/2017\/07\/12-2-768x432.jpg 768w, http:\/\/desarrollo.grupomedios.com\/futbol\/wp-content\/uploads\/2017\/07\/12-2-317x178.jpg 317w, http:\/\/desarrollo.grupomedios.com\/futbol\/wp-content\/uploads\/2017\/07\/12-2-535x301.jpg 535w, http:\/\/desarrollo.grupomedios.com\/futbol\/wp-content\/uploads\/2017\/07\/12-2-374x210.jpg 374w, http:\/\/desarrollo.grupomedios.com\/futbol\/wp-content\/uploads\/2017\/07\/12-2.jpg 1136w\" sizes=\"(max-width: 1024px) 100vw, 1024px\" \/><\/a> <a href=\"https:\/\/www.futboltotal.com.mx\/wp-content\/uploads\/2017\/07\/13-2.jpg\"><img decoding=\"async\" loading=\"lazy\" class=\"alignnone wp-image-491219 size-large\" src=\"https:\/\/www.futboltotal.com.mx\/wp-content\/uploads\/2017\/07\/13-2-1024x576.jpg\" alt=\"Las bellezas de la Jornada 2 del Apertura 2017 7\" srcset=\"http:\/\/desarrollo.grupomedios.com\/futbol\/wp-content\/uploads\/2017\/07\/13-2-1024x576.jpg 1024w, http:\/\/desarrollo.grupomedios.com\/futbol\/wp-content\/uploads\/2017\/07\/13-2-300x169.jpg 300w, http:\/\/desarrollo.grupomedios.com\/futbol\/wp-content\/uploads\/2017\/07\/13-2-768x432.jpg 768w, http:\/\/desarrollo.grupomedios.com\/futbol\/wp-content\/uploads\/2017\/07\/13-2-317x178.jpg 317w, http:\/\/desarrollo.grupomedios.com\/futbol\/wp-content\/uploads\/2017\/07\/13-2-535x301.jpg 535w, http:\/\/desarrollo.grupomedios.com\/futbol\/wp-content\/uploads\/2017\/07\/13-2-374x210.jpg 374w, http:\/\/desarrollo.grupomedios.com\/futbol\/wp-content\/uploads\/2017\/07\/13-2.jpg 1136w\" sizes=\"(max-width: 1024px) 100vw, 1024px\" \/><\/a> <a href=\"https:\/\/www.futboltotal.com.mx\/wp-content\/uploads\/2017\/07\/14-2.jpg\"><img decoding=\"async\" loading=\"lazy\" class=\"alignnone wp-image-491220 size-large\" src=\"https:\/\/www.futboltotal.com.mx\/wp-content\/uploads\/2017\/07\/14-2-1024x576.jpg\" alt=\"Las bellezas de la Jornada 2 del Apertura 2017 8\" srcset=\"http:\/\/desarrollo.grupomedios.com\/futbol\/wp-content\/uploads\/2017\/07\/14-2-1024x576.jpg 1024w, http:\/\/desarrollo.grupomedios.com\/futbol\/wp-content\/uploads\/2017\/07\/14-2-300x169.jpg 300w, http:\/\/desarrollo.grupomedios.com\/futbol\/wp-content\/uploads\/2017\/07\/14-2-768x432.jpg 768w, http:\/\/desarrollo.grupomedios.com\/futbol\/wp-content\/uploads\/2017\/07\/14-2-317x178.jpg 317w, http:\/\/desarrollo.grupomedios.com\/futbol\/wp-content\/uploads\/2017\/07\/14-2-535x301.jpg 535w, http:\/\/desarrollo.grupomedios.com\/futbol\/wp-content\/uploads\/2017\/07\/14-2-374x210.jpg 374w, http:\/\/desarrollo.grupomedios.com\/futbol\/wp-content\/uploads\/2017\/07\/14-2.jpg 1136w\" sizes=\"(max-width: 1024px) 100vw, 1024px\" \/><\/a> <a href=\"https:\/\/www.futboltotal.com.mx\/wp-content\/uploads\/2017\/07\/15-2.jpg\"><img decoding=\"async\" loading=\"lazy\" class=\"alignnone wp-image-491221 size-large\" src=\"https:\/\/www.futboltotal.com.mx\/wp-content\/uploads\/2017\/07\/15-2-1024x576.jpg\" alt=\"Las bellezas de la Jornada 2 del Apertura 2017 9\" srcset=\"http:\/\/desarrollo.grupomedios.com\/futbol\/wp-content\/uploads\/2017\/07\/15-2-1024x576.jpg 1024w, http:\/\/desarrollo.grupomedios.com\/futbol\/wp-content\/uploads\/2017\/07\/15-2-300x169.jpg 300w, http:\/\/desarrollo.grupomedios.com\/futbol\/wp-content\/uploads\/2017\/07\/15-2-768x432.jpg 768w, http:\/\/desarrollo.grupomedios.com\/futbol\/wp-content\/uploads\/2017\/07\/15-2-317x178.jpg 317w, http:\/\/desarrollo.grupomedios.com\/futbol\/wp-content\/uploads\/2017\/07\/15-2-535x301.jpg 535w, http:\/\/desarrollo.grupomedios.com\/futbol\/wp-content\/uploads\/2017\/07\/15-2-374x210.jpg 374w, http:\/\/desarrollo.grupomedios.com\/futbol\/wp-content\/uploads\/2017\/07\/15-2.jpg 1136w\" sizes=\"(max-width: 1024px) 100vw, 1024px\" \/><\/a> <a href=\"https:\/\/www.futboltotal.com.mx\/wp-content\/uploads\/2017\/07\/17-2.jpg\"><img decoding=\"async\" loading=\"lazy\" class=\"alignnone wp-image-491222 size-large\" src=\"https:\/\/www.futboltotal.com.mx\/wp-content\/uploads\/2017\/07\/17-2-1024x576.jpg\" alt=\"Las bellezas de la Jornada 2 del Apertura 2017 10\" srcset=\"http:\/\/desarrollo.grupomedios.com\/futbol\/wp-content\/uploads\/2017\/07\/17-2-1024x576.jpg 1024w, http:\/\/desarrollo.grupomedios.com\/futbol\/wp-content\/uploads\/2017\/07\/17-2-300x169.jpg 300w, http:\/\/desarrollo.grupomedios.com\/futbol\/wp-content\/uploads\/2017\/07\/17-2-768x432.jpg 768w, http:\/\/desarrollo.grupomedios.com\/futbol\/wp-content\/uploads\/2017\/07\/17-2-317x178.jpg 317w, http:\/\/desarrollo.grupomedios.com\/futbol\/wp-content\/uploads\/2017\/07\/17-2-535x301.jpg 535w, http:\/\/desarrollo.grupomedios.com\/futbol\/wp-content\/uploads\/2017\/07\/17-2-374x210.jpg 374w, http:\/\/desarrollo.grupomedios.com\/futbol\/wp-content\/uploads\/2017\/07\/17-2.jpg 1136w\" sizes=\"(max-width: 1024px) 100vw, 1024px\" \/><\/a> <a href=\"https:\/\/www.futboltotal.com.mx\/wp-content\/uploads\/2017\/07\/18-1.jpg\"><img decoding=\"async\" loading=\"lazy\" class=\"alignnone wp-image-491223 size-large\" src=\"https:\/\/www.futboltotal.com.mx\/wp-content\/uploads\/2017\/07\/18-1-1024x576.jpg\" alt=\"Las bellezas de la Jornada 2 del Apertura 2017 11\" srcset=\"http:\/\/desarrollo.grupomedios.com\/futbol\/wp-content\/uploads\/2017\/07\/18-1-1024x576.jpg 1024w, http:\/\/desarrollo.grupomedios.com\/futbol\/wp-content\/uploads\/2017\/07\/18-1-300x169.jpg 300w, http:\/\/desarrollo.grupomedios.com\/futbol\/wp-content\/uploads\/2017\/07\/18-1-768x432.jpg 768w, http:\/\/desarrollo.grupomedios.com\/futbol\/wp-content\/uploads\/2017\/07\/18-1-317x178.jpg 317w, http:\/\/desarrollo.grupomedios.com\/futbol\/wp-content\/uploads\/2017\/07\/18-1-535x301.jpg 535w, http:\/\/desarrollo.grupomedios.com\/futbol\/wp-content\/uploads\/2017\/07\/18-1-374x210.jpg 374w, http:\/\/desarrollo.grupomedios.com\/futbol\/wp-content\/uploads\/2017\/07\/18-1.jpg 1136w\" sizes=\"(max-width: 1024px) 100vw, 1024px\" \/><\/a> <a href=\"https:\/\/www.futboltotal.com.mx\/wp-content\/uploads\/2017\/07\/19-1.jpg\"><img decoding=\"async\" loading=\"lazy\" class=\"alignnone wp-image-491224 size-large\" src=\"https:\/\/www.futboltotal.com.mx\/wp-content\/uploads\/2017\/07\/19-1-1024x576.jpg\" alt=\"Las bellezas de la Jornada 2 del Apertura 2017 12\" srcset=\"http:\/\/desarrollo.grupomedios.com\/futbol\/wp-content\/uploads\/2017\/07\/19-1-1024x576.jpg 1024w, http:\/\/desarrollo.grupomedios.com\/futbol\/wp-content\/uploads\/2017\/07\/19-1-300x169.jpg 300w, http:\/\/desarrollo.grupomedios.com\/futbol\/wp-content\/uploads\/2017\/07\/19-1-768x432.jpg 768w, http:\/\/desarrollo.grupomedios.com\/futbol\/wp-content\/uploads\/2017\/07\/19-1-317x178.jpg 317w, http:\/\/desarrollo.grupomedios.com\/futbol\/wp-content\/uploads\/2017\/07\/19-1-535x301.jpg 535w, http:\/\/desarrollo.grupomedios.com\/futbol\/wp-content\/uploads\/2017\/07\/19-1-374x210.jpg 374w, http:\/\/desarrollo.grupomedios.com\/futbol\/wp-content\/uploads\/2017\/07\/19-1.jpg 1136w\" sizes=\"(max-width: 1024px) 100vw, 1024px\" \/><\/a> <a href=\"https:\/\/www.futboltotal.com.mx\/wp-content\/uploads\/2017\/07\/20-1.jpg\"><img decoding=\"async\" loading=\"lazy\" class=\"alignnone wp-image-491225 size-large\" src=\"https:\/\/www.futboltotal.com.mx\/wp-content\/uploads\/2017\/07\/20-1-1024x576.jpg\" alt=\"Las bellezas de la Jornada 2 del Apertura 2017 13\" srcset=\"http:\/\/desarrollo.grupomedios.com\/futbol\/wp-content\/uploads\/2017\/07\/20-1-1024x576.jpg 1024w, http:\/\/desarrollo.grupomedios.com\/futbol\/wp-content\/uploads\/2017\/07\/20-1-300x169.jpg 300w, http:\/\/desarrollo.grupomedios.com\/futbol\/wp-content\/uploads\/2017\/07\/20-1-768x432.jpg 768w, http:\/\/desarrollo.grupomedios.com\/futbol\/wp-content\/uploads\/2017\/07\/20-1-317x178.jpg 317w, http:\/\/desarrollo.grupomedios.com\/futbol\/wp-content\/uploads\/2017\/07\/20-1-535x301.jpg 535w, http:\/\/desarrollo.grupomedios.com\/futbol\/wp-content\/uploads\/2017\/07\/20-1-374x210.jpg 374w, http:\/\/desarrollo.grupomedios.com\/futbol\/wp-content\/uploads\/2017\/07\/20-1.jpg 1136w\" sizes=\"(max-width: 1024px) 100vw, 1024px\" \/><\/a> <a href=\"https:\/\/www.futboltotal.com.mx\/wp-content\/uploads\/2017\/07\/21-1.jpg\"><img decoding=\"async\" loading=\"lazy\" class=\"alignnone wp-image-491226 size-large\" src=\"https:\/\/www.futboltotal.com.mx\/wp-content\/uploads\/2017\/07\/21-1-1024x576.jpg\" alt=\"Las bellezas de la Jornada 2 del Apertura 2017 14\" srcset=\"http:\/\/desarrollo.grupomedios.com\/futbol\/wp-content\/uploads\/2017\/07\/21-1-1024x576.jpg 1024w, http:\/\/desarrollo.grupomedios.com\/futbol\/wp-content\/uploads\/2017\/07\/21-1-300x169.jpg 300w, http:\/\/desarrollo.grupomedios.com\/futbol\/wp-content\/uploads\/2017\/07\/21-1-768x432.jpg 768w, http:\/\/desarrollo.grupomedios.com\/futbol\/wp-content\/uploads\/2017\/07\/21-1-317x178.jpg 317w, http:\/\/desarrollo.grupomedios.com\/futbol\/wp-content\/uploads\/2017\/07\/21-1-535x301.jpg 535w, http:\/\/desarrollo.grupomedios.com\/futbol\/wp-content\/uploads\/2017\/07\/21-1-374x210.jpg 374w, http:\/\/desarrollo.grupomedios.com\/futbol\/wp-content\/uploads\/2017\/07\/21-1.jpg 1136w\" sizes=\"(max-width: 1024px) 100vw, 1024px\" \/><\/a> <a href=\"https:\/\/www.futboltotal.com.mx\/wp-content\/uploads\/2017\/07\/22.jpg\"><img decoding=\"async\" loading=\"lazy\" class=\"alignnone wp-image-491227 size-large\" src=\"https:\/\/www.futboltotal.com.mx\/wp-content\/uploads\/2017\/07\/22-1024x576.jpg\" alt=\"Las bellezas de la Jornada 2 del Apertura 2017 15\" srcset=\"http:\/\/desarrollo.grupomedios.com\/futbol\/wp-content\/uploads\/2017\/07\/22-1024x576.jpg 1024w, http:\/\/desarrollo.grupomedios.com\/futbol\/wp-content\/uploads\/2017\/07\/22-300x169.jpg 300w, http:\/\/desarrollo.grupomedios.com\/futbol\/wp-content\/uploads\/2017\/07\/22-768x432.jpg 768w, http:\/\/desarrollo.grupomedios.com\/futbol\/wp-content\/uploads\/2017\/07\/22-317x178.jpg 317w, http:\/\/desarrollo.grupomedios.com\/futbol\/wp-content\/uploads\/2017\/07\/22-535x301.jpg 535w, http:\/\/desarrollo.grupomedios.com\/futbol\/wp-content\/uploads\/2017\/07\/22-374x210.jpg 374w, http:\/\/desarrollo.grupomedios.com\/futbol\/wp-content\/uploads\/2017\/07\/22.jpg 1136w\" sizes=\"(max-width: 1024px) 100vw, 1024px\" \/><\/a> <a href=\"https:\/\/www.futboltotal.com.mx\/wp-content\/uploads\/2017\/07\/23.jpg\"><img decoding=\"async\" loading=\"lazy\" class=\"alignnone wp-image-491228 size-large\" src=\"https:\/\/www.futboltotal.com.mx\/wp-content\/uploads\/2017\/07\/23-1024x576.jpg\" alt=\"Las bellezas de la Jornada 2 del Apertura 2017 16\" srcset=\"http:\/\/desarrollo.grupomedios.com\/futbol\/wp-content\/uploads\/2017\/07\/23-1024x576.jpg 1024w, http:\/\/desarrollo.grupomedios.com\/futbol\/wp-content\/uploads\/2017\/07\/23-300x169.jpg 300w, http:\/\/desarrollo.grupomedios.com\/futbol\/wp-content\/uploads\/2017\/07\/23-768x432.jpg 768w, http:\/\/desarrollo.grupomedios.com\/futbol\/wp-content\/uploads\/2017\/07\/23-317x178.jpg 317w, http:\/\/desarrollo.grupomedios.com\/futbol\/wp-content\/uploads\/2017\/07\/23-535x301.jpg 535w, http:\/\/desarrollo.grupomedios.com\/futbol\/wp-content\/uploads\/2017\/07\/23-374x210.jpg 374w, http:\/\/desarrollo.grupomedios.com\/futbol\/wp-content\/uploads\/2017\/07\/23.jpg 1136w\" sizes=\"(max-width: 1024px) 100vw, 1024px\" \/><\/a> <a href=\"https:\/\/www.futboltotal.com.mx\/wp-content\/uploads\/2017\/07\/24.jpg\"><img decoding=\"async\" loading=\"lazy\" class=\"alignnone wp-image-491229 size-large\" src=\"https:\/\/www.futboltotal.com.mx\/wp-content\/uploads\/2017\/07\/24-1024x576.jpg\" alt=\"Las bellezas de la Jornada 2 del Apertura 2017 17\" srcset=\"http:\/\/desarrollo.grupomedios.com\/futbol\/wp-content\/uploads\/2017\/07\/24-1024x576.jpg 1024w, http:\/\/desarrollo.grupomedios.com\/futbol\/wp-content\/uploads\/2017\/07\/24-300x169.jpg 300w, http:\/\/desarrollo.grupomedios.com\/futbol\/wp-content\/uploads\/2017\/07\/24-768x432.jpg 768w, http:\/\/desarrollo.grupomedios.com\/futbol\/wp-content\/uploads\/2017\/07\/24-317x178.jpg 317w, http:\/\/desarrollo.grupomedios.com\/futbol\/wp-content\/uploads\/2017\/07\/24-535x301.jpg 535w, http:\/\/desarrollo.grupomedios.com\/futbol\/wp-content\/uploads\/2017\/07\/24-374x210.jpg 374w, http:\/\/desarrollo.grupomedios.com\/futbol\/wp-content\/uploads\/2017\/07\/24.jpg 1136w\" sizes=\"(max-width: 1024px) 100vw, 1024px\" \/><\/a> <a href=\"https:\/\/www.futboltotal.com.mx\/wp-content\/uploads\/2017\/07\/25.jpg\"><img decoding=\"async\" loading=\"lazy\" class=\"alignnone wp-image-491230 size-large\" src=\"https:\/\/www.futboltotal.com.mx\/wp-content\/uploads\/2017\/07\/25-1024x576.jpg\" alt=\"Las bellezas de la Jornada 2 del Apertura 2017 18\" srcset=\"http:\/\/desarrollo.grupomedios.com\/futbol\/wp-content\/uploads\/2017\/07\/25-1024x576.jpg 1024w, http:\/\/desarrollo.grupomedios.com\/futbol\/wp-content\/uploads\/2017\/07\/25-300x169.jpg 300w, http:\/\/desarrollo.grupomedios.com\/futbol\/wp-content\/uploads\/2017\/07\/25-768x432.jpg 768w, http:\/\/desarrollo.grupomedios.com\/futbol\/wp-content\/uploads\/2017\/07\/25-317x178.jpg 317w, http:\/\/desarrollo.grupomedios.com\/futbol\/wp-content\/uploads\/2017\/07\/25-535x301.jpg 535w, http:\/\/desarrollo.grupomedios.com\/futbol\/wp-content\/uploads\/2017\/07\/25-374x210.jpg 374w, http:\/\/desarrollo.grupomedios.com\/futbol\/wp-content\/uploads\/2017\/07\/25.jpg 1136w\" sizes=\"(max-width: 1024px) 100vw, 1024px\" \/><\/a><\/p>\n<p>&nbsp;<\/p>\n<p>&nbsp;<\/p>\n","protected":false},"excerpt":{"rendered":"<p>La belleza siempre presente en el futbol<\/p>\n","protected":false},"author":20,"featured_media":491231,"comment_status":"closed","ping_status":"closed","sticky":false,"template":"","format":"standard","meta":[],"categories":[6408,5422,2198,3,3845],"tags":[8357,3323,64],"_links":{"self":[{"href":"http:\/\/desarrollo.grupomedios.com\/futbol\/wp-json\/wp\/v2\/posts\/491211"}],"collection":[{"href":"http:\/\/desarrollo.grupomedios.com\/futbol\/wp-json\/wp\/v2\/posts"}],"about":[{"href":"http:\/\/desarrollo.grupomedios.com\/futbol\/wp-json\/wp\/v2\/types\/post"}],"author":[{"embeddable":true,"href":"http:\/\/desarrollo.grupomedios.com\/futbol\/wp-json\/wp\/v2\/users\/20"}],"replies":[{"embeddable":true,"href":"http:\/\/desarrollo.grupomedios.com\/futbol\/wp-json\/wp\/v2\/comments?post=491211"}],"version-history":[{"count":1,"href":"http:\/\/desarrollo.grupomedios.com\/futbol\/wp-json\/wp\/v2\/posts\/491211\/revisions"}],"predecessor-version":[{"id":491232,"href":"http:\/\/desarrollo.grupomedios.com\/futbol\/wp-json\/wp\/v2\/posts\/491211\/revisions\/491232"}],"wp:featuredmedia":[{"embeddable":true,"href":"http:\/\/desarrollo.grupomedios.com\/futbol\/wp-json\/wp\/v2\/media\/491231"}],"wp:attachment":[{"href":"http:\/\/desarrollo.grupomedios.com\/futbol\/wp-json\/wp\/v2\/media?parent=491211"}],"wp:term":[{"taxonomy":"category","embeddable":true,"href":"http:\/\/desarrollo.grupomedios.com\/futbol\/wp-json\/wp\/v2\/categories?post=491211"},{"taxonomy":"post_tag","embeddable":true,"href":"http:\/\/desarrollo.grupomedios.com\/futbol\/wp-json\/wp\/v2\/tags?post=491211"}],"curies":[{"name":"wp","href":"https:\/\/api.w.org\/{rel}","templated":true}]}}