{"id":491255,"date":"2017-07-31T10:32:21","date_gmt":"2017-07-31T15:32:21","guid":{"rendered":"https:\/\/www.futboltotal.com.mx\/?p=491255"},"modified":"2017-07-31T10:32:21","modified_gmt":"2017-07-31T15:32:21","slug":"promesa-del-west-ham-aprendere-mucho-chicharito","status":"publish","type":"post","link":"http:\/\/desarrollo.grupomedios.com\/futbol\/futbol-internacional\/promesa-del-west-ham-aprendere-mucho-chicharito\/2017\/07","title":{"rendered":"Promesa del West Ham: &#8220;Aprender\u00e9 mucho de Chicharito&#8221;"},"content":{"rendered":"<p>A\u00fan no ha debutado <strong>Javier Hern\u00e1ndez<\/strong> con el West Ham y el mexicano ya es un referente para algunos jugadores de los Hammers, como el caso del espa\u00f1ol <strong>Toni Mart\u00ednez<\/strong>, quien sabe que el jugar al lado de <em><strong>Chicharito<\/strong><\/em>\u00a0es una gran oportunidad para crecer como futbolista.<\/p>\n<p>&#8220;Es uno de mis delanteros favoritos y estoy seguro de que voy a aprender mucho de \u00e9l. Es un verdadero honor compartir equipo con un jugador de esa calidad&#8221; declar\u00f3 el atacante para el sitio del equipo londinense.<\/p>\n<p style=\"text-align: center;\"><a href=\"https:\/\/www.futboltotal.com.mx\/2017\/07\/chicharito-confeso-no-usara-numero-14-west-ham\/\" target=\"_blank\" rel=\"noopener noreferrer\"><span style=\"color: #333399;\">VER M\u00c1S: Chicharito confes\u00f3 que no usar\u00e1 el &#8217;14&#8217; con el West Ham<\/span><\/a><\/p>\n<p>Mart\u00ednez est\u00e1 viviendo su primera experiencia en el primer equipo de los <em><strong>Hammers<\/strong><\/em> y ya consigui\u00f3\u00a0marcar su primer gol en el amistoso ante el <strong>Werder Bremen<\/strong>.<\/p>\n<p>&#8220;La adaptaci\u00f3n al primer equipo ha sido muy f\u00e1cil para m\u00ed porque hay muchos chicos que hablan espa\u00f1ol y es muy bueno para m\u00ed.<\/p>\n<p style=\"text-align: center;\"><a href=\"https:\/\/www.futboltotal.com.mx\/2017\/07\/11-ideal-la-jornada-2-del-apertura-2017\/\" target=\"_blank\" rel=\"noopener noreferrer\"><span style=\"color: #333399;\">VER M\u00c1S: El 11 ideal de la Jornada 2 del Apertura 2017<\/span><\/a><\/p>\n<p>&#8220;Estoy muy contento de anotar mi primer gol con el primer equipo. Fue un buen centro de Andre Ayew y una buena jugada de Arthur Masuaku, as\u00ed que todo lo que necesit\u00e9 hacer fue meter el bal\u00f3n en el fondo de la red&#8221;, concluy\u00f3.<\/p>\n","protected":false},"excerpt":{"rendered":"<p>A\u00fan no ha debutado con West Ham y Chicharito ya es un referente.<\/p>\n","protected":false},"author":20,"featured_media":491256,"comment_status":"closed","ping_status":"closed","sticky":false,"template":"","format":"standard","meta":[],"categories":[3839,3846,6718],"tags":[5985,549,7655,9558,1743],"_links":{"self":[{"href":"http:\/\/desarrollo.grupomedios.com\/futbol\/wp-json\/wp\/v2\/posts\/491255"}],"collection":[{"href":"http:\/\/desarrollo.grupomedios.com\/futbol\/wp-json\/wp\/v2\/posts"}],"about":[{"href":"http:\/\/desarrollo.grupomedios.com\/futbol\/wp-json\/wp\/v2\/types\/post"}],"author":[{"embeddable":true,"href":"http:\/\/desarrollo.grupomedios.com\/futbol\/wp-json\/wp\/v2\/users\/20"}],"replies":[{"embeddable":true,"href":"http:\/\/desarrollo.grupomedios.com\/futbol\/wp-json\/wp\/v2\/comments?post=491255"}],"version-history":[{"count":1,"href":"http:\/\/desarrollo.grupomedios.com\/futbol\/wp-json\/wp\/v2\/posts\/491255\/revisions"}],"predecessor-version":[{"id":491259,"href":"http:\/\/desarrollo.grupomedios.com\/futbol\/wp-json\/wp\/v2\/posts\/491255\/revisions\/491259"}],"wp:featuredmedia":[{"embeddable":true,"href":"http:\/\/desarrollo.grupomedios.com\/futbol\/wp-json\/wp\/v2\/media\/491256"}],"wp:attachment":[{"href":"http:\/\/desarrollo.grupomedios.com\/futbol\/wp-json\/wp\/v2\/media?parent=491255"}],"wp:term":[{"taxonomy":"category","embeddable":true,"href":"http:\/\/desarrollo.grupomedios.com\/futbol\/wp-json\/wp\/v2\/categories?post=491255"},{"taxonomy":"post_tag","embeddable":true,"href":"http:\/\/desarrollo.grupomedios.com\/futbol\/wp-json\/wp\/v2\/tags?post=491255"}],"curies":[{"name":"wp","href":"https:\/\/api.w.org\/{rel}","templated":true}]}}