{"id":491267,"date":"2017-07-31T11:51:44","date_gmt":"2017-07-31T16:51:44","guid":{"rendered":"https:\/\/www.futboltotal.com.mx\/?p=491267"},"modified":"2017-07-31T11:51:44","modified_gmt":"2017-07-31T16:51:44","slug":"chicharito-nuevo-romance-causan-polemica-reaccion-camila-sodi","status":"publish","type":"post","link":"http:\/\/desarrollo.grupomedios.com\/futbol\/cambio-de-juego\/chicharito-nuevo-romance-causan-polemica-reaccion-camila-sodi\/2017\/07","title":{"rendered":"Chicharito y nuevo romance causan pol\u00e9mica reacci\u00f3n de Camila Sodi"},"content":{"rendered":"<p>El reciente romance que se ha revelado entre el delantero mexicano <strong>Javier Hern\u00e1ndez<\/strong> y la actriz espa\u00f1ola <strong>Andrea\u00a0Duro<\/strong> parece haber generado molestia en la tambi\u00e9n actriz <strong>Camila Sodi<\/strong>, con quien <em><strong>Chicharito<\/strong><\/em> mantuvo un fugaz romance tras su ruptura con la ib\u00e9rica <strong>Luc\u00eda Villal\u00f3n<\/strong>.<\/p>\n<p>Luego de que <a href=\"https:\/\/www.futboltotal.com.mx\/2017\/07\/actriz-andrea-duro-revelo-romance-chicharito\/\" target=\"_blank\" rel=\"noopener noreferrer\"><span style=\"color: #333399;\"><em><strong>Chicharito<\/strong><\/em> y <strong>Andrea\u00a0Duro<\/strong> acabaran con la expectaci\u00f3n<\/span><\/a> que generaron en redes sociales y revelaran que s\u00ed sucede algo entre ellos que va m\u00e1s all\u00e1 de una amistad, la tambi\u00e9n modelo mexicana mand\u00f3 un curioso y pol\u00e9mico mensaje.<\/p>\n<p style=\"text-align: center;\"><a href=\"https:\/\/www.futboltotal.com.mx\/2017\/07\/asi-fue-la-terrible-fractura-michael-arroyo-en-debut-gremio\/\" target=\"_blank\" rel=\"noopener noreferrer\"><span style=\"color: #333399;\">VER M\u00c1S: Mira la terrible fractura de Michael Arroyo con Gremio<\/span><\/a><\/p>\n<p><strong>Sodi<\/strong>, tambi\u00e9n\u00a0sobrina de la cantante Thal\u00eda, public\u00f3 la imagen con la frase &#8220;El amor es como un pedo. Si tienes que forzarlo, probablemente sea mierda&#8221;.<\/p>\n<p style=\"text-align: center;\"><a href=\"https:\/\/www.futboltotal.com.mx\/2017\/07\/chicharito-confeso-no-usara-numero-14-west-ham\/\" target=\"_blank\" rel=\"noopener noreferrer\"><span style=\"color: #333399;\">VER M\u00c1S: Chicharito confes\u00f3 que no usar\u00e1 el &#8217;14&#8217; con el West Ham<\/span><\/a><\/p>\n<blockquote class=\"instagram-media\" style=\"background: #FFF; border: 0; border-radius: 3px; box-shadow: 0 0 1px 0 rgba(0,0,0,0.5),0 1px 10px 0 rgba(0,0,0,0.15); margin: 1px; max-width: 658px; padding: 0; width: calc(100% - 2px);\" data-instgrm-captioned=\"\" data-instgrm-version=\"7\">\n<div style=\"padding: 8px;\">\n<div style=\"background: #F8F8F8; line-height: 0; margin-top: 40px; padding: 50.0462962962963% 0; text-align: center; width: 100%;\"><\/div>\n<p style=\"margin: 8px 0 0 0; padding: 0 4px;\"><a style=\"color: #000; font-family: Arial,sans-serif; font-size: 14px; font-style: normal; font-weight: normal; line-height: 17px; text-decoration: none; word-wrap: break-word;\" href=\"https:\/\/www.instagram.com\/p\/BXEXxV6ntVU\/\" target=\"_blank\" rel=\"noopener noreferrer\">Pasando a algo m\u00e1s profundo&#8230;.regresa un cl\u00e1sico \u2764\ufe0f<\/a><\/p>\n<p style=\"color: #c9c8cd; font-family: Arial,sans-serif; font-size: 14px; line-height: 17px; margin-bottom: 0; margin-top: 8px; overflow: hidden; padding: 8px 0 7px; text-align: center; text-overflow: ellipsis; white-space: nowrap;\">A post shared by Camila Sodi (@camilasodi_) on <time style=\"font-family: Arial,sans-serif; font-size: 14px; line-height: 17px;\" datetime=\"2017-07-27T23:22:59+00:00\">Jul 27, 2017 at 4:22pm PDT<\/time><\/p>\n<\/div>\n<\/blockquote>\n<p><script async defer src=\"\/\/platform.instagram.com\/en_US\/embeds.js\"><\/script><\/p>\n<p>&nbsp;<\/p>\n","protected":false},"excerpt":{"rendered":"<p>La mexicana no se qued\u00f3 con las ganas de responder a Chicharito.<\/p>\n","protected":false},"author":20,"featured_media":483677,"comment_status":"closed","ping_status":"closed","sticky":false,"template":"","format":"standard","meta":[],"categories":[5419],"tags":[8198,549,9560],"_links":{"self":[{"href":"http:\/\/desarrollo.grupomedios.com\/futbol\/wp-json\/wp\/v2\/posts\/491267"}],"collection":[{"href":"http:\/\/desarrollo.grupomedios.com\/futbol\/wp-json\/wp\/v2\/posts"}],"about":[{"href":"http:\/\/desarrollo.grupomedios.com\/futbol\/wp-json\/wp\/v2\/types\/post"}],"author":[{"embeddable":true,"href":"http:\/\/desarrollo.grupomedios.com\/futbol\/wp-json\/wp\/v2\/users\/20"}],"replies":[{"embeddable":true,"href":"http:\/\/desarrollo.grupomedios.com\/futbol\/wp-json\/wp\/v2\/comments?post=491267"}],"version-history":[{"count":1,"href":"http:\/\/desarrollo.grupomedios.com\/futbol\/wp-json\/wp\/v2\/posts\/491267\/revisions"}],"predecessor-version":[{"id":491273,"href":"http:\/\/desarrollo.grupomedios.com\/futbol\/wp-json\/wp\/v2\/posts\/491267\/revisions\/491273"}],"wp:featuredmedia":[{"embeddable":true,"href":"http:\/\/desarrollo.grupomedios.com\/futbol\/wp-json\/wp\/v2\/media\/483677"}],"wp:attachment":[{"href":"http:\/\/desarrollo.grupomedios.com\/futbol\/wp-json\/wp\/v2\/media?parent=491267"}],"wp:term":[{"taxonomy":"category","embeddable":true,"href":"http:\/\/desarrollo.grupomedios.com\/futbol\/wp-json\/wp\/v2\/categories?post=491267"},{"taxonomy":"post_tag","embeddable":true,"href":"http:\/\/desarrollo.grupomedios.com\/futbol\/wp-json\/wp\/v2\/tags?post=491267"}],"curies":[{"name":"wp","href":"https:\/\/api.w.org\/{rel}","templated":true}]}}