{"id":491289,"date":"2017-07-31T13:18:21","date_gmt":"2017-07-31T18:18:21","guid":{"rendered":"https:\/\/www.futboltotal.com.mx\/?p=491289"},"modified":"2017-07-31T13:19:54","modified_gmt":"2017-07-31T18:19:54","slug":"paris-los-angeles-organizaran-juegos-olimpicos-2024-2028","status":"publish","type":"post","link":"http:\/\/desarrollo.grupomedios.com\/futbol\/otros-deportes\/paris-los-angeles-organizaran-juegos-olimpicos-2024-2028\/2017\/07","title":{"rendered":"Par\u00eds y Los Angeles organizar\u00e1n Juegos Ol\u00edmpicos 2024 y 2028"},"content":{"rendered":"<p>Ya se conocen las sedes de las pr\u00f3ximas ediciones de los <strong>Juegos Ol\u00edmpicos<\/strong> que se disputar\u00e1n en <strong>2024<\/strong> y <strong>2028<\/strong>, siendo <strong>Par\u00eds<\/strong> y <strong>Los Angeles<\/strong> respectivamente las ciudades elegidas para recibir los magnos eventos del deporte mundial.<\/p>\n<p>De acuerdo a un informe de Los Angeles Time, se lleg\u00f3 a un acuerdo para que Los Angeles sea la sede del evento en 2028 y Par\u00eds lo haga 4 a\u00f1os antes, en 2024, luego de que ambas ciudades estuvieran compitiendo por recibir el evento de 2028.<\/p>\n<p style=\"text-align: center;\"><a href=\"https:\/\/www.futboltotal.com.mx\/2017\/07\/toluca-pierde-a-talavera-sera-operado-baja-6-meses\/\" target=\"_blank\" rel=\"noopener noreferrer\"><span style=\"color: #333399;\">VER M\u00c1S: \u00a1Toluca pierde a Talavera! Ser\u00e1 operado y es baja 6 meses<\/span><\/a><\/p>\n<p>Antes de que tengan cita estos dos magnos eventos, la ciudad de <strong>Tokyo<\/strong>, Jap\u00f3n, ser\u00e1 la sede de los pr\u00f3ximos Juegos Ol\u00edmpicos que se realizar\u00e1n en <strong>2020<\/strong>.<\/p>\n<p>Todo indica que el Comit\u00e9 Ol\u00edmpico Internacional (COI) lleve a cabo el anuncio en las pr\u00f3ximas horas.<\/p>\n","protected":false},"excerpt":{"rendered":"<p>El Comit\u00e9 Ol\u00edmpico Internacional (COI) realizar\u00e1 el anuncio en las pr\u00f3ximas horas.<\/p>\n","protected":false},"author":20,"featured_media":491290,"comment_status":"closed","ping_status":"closed","sticky":false,"template":"","format":"standard","meta":[],"categories":[6411],"tags":[1911,9563,9562],"_links":{"self":[{"href":"http:\/\/desarrollo.grupomedios.com\/futbol\/wp-json\/wp\/v2\/posts\/491289"}],"collection":[{"href":"http:\/\/desarrollo.grupomedios.com\/futbol\/wp-json\/wp\/v2\/posts"}],"about":[{"href":"http:\/\/desarrollo.grupomedios.com\/futbol\/wp-json\/wp\/v2\/types\/post"}],"author":[{"embeddable":true,"href":"http:\/\/desarrollo.grupomedios.com\/futbol\/wp-json\/wp\/v2\/users\/20"}],"replies":[{"embeddable":true,"href":"http:\/\/desarrollo.grupomedios.com\/futbol\/wp-json\/wp\/v2\/comments?post=491289"}],"version-history":[{"count":3,"href":"http:\/\/desarrollo.grupomedios.com\/futbol\/wp-json\/wp\/v2\/posts\/491289\/revisions"}],"predecessor-version":[{"id":491294,"href":"http:\/\/desarrollo.grupomedios.com\/futbol\/wp-json\/wp\/v2\/posts\/491289\/revisions\/491294"}],"wp:featuredmedia":[{"embeddable":true,"href":"http:\/\/desarrollo.grupomedios.com\/futbol\/wp-json\/wp\/v2\/media\/491290"}],"wp:attachment":[{"href":"http:\/\/desarrollo.grupomedios.com\/futbol\/wp-json\/wp\/v2\/media?parent=491289"}],"wp:term":[{"taxonomy":"category","embeddable":true,"href":"http:\/\/desarrollo.grupomedios.com\/futbol\/wp-json\/wp\/v2\/categories?post=491289"},{"taxonomy":"post_tag","embeddable":true,"href":"http:\/\/desarrollo.grupomedios.com\/futbol\/wp-json\/wp\/v2\/tags?post=491289"}],"curies":[{"name":"wp","href":"https:\/\/api.w.org\/{rel}","templated":true}]}}