{"id":491291,"date":"2017-07-31T13:34:53","date_gmt":"2017-07-31T18:34:53","guid":{"rendered":"https:\/\/www.futboltotal.com.mx\/?p=491291"},"modified":"2017-07-31T13:34:53","modified_gmt":"2017-07-31T18:34:53","slug":"dos-clubes-la-liga-mx-estarian-tras-portero-en-europa","status":"publish","type":"post","link":"http:\/\/desarrollo.grupomedios.com\/futbol\/futbol-mexicano\/dos-clubes-la-liga-mx-estarian-tras-portero-en-europa\/2017\/07","title":{"rendered":"Dos clubes de la Liga MX estar\u00edan tras Ra\u00fal Gudi\u00f1o"},"content":{"rendered":"<p>Tras la lesi\u00f3n de sus respectivos porteros,<strong> Lucero \u00c1lvarez<\/strong> y<strong> Alfredo Talavera<\/strong>, <strong>Lobos BUAP<\/strong> y<strong> Toluca<\/strong> estar\u00edan buscando portero en el futbol europeo y parece que ya tendr\u00edan visto a alguno.<\/p>\n<p>Quien ser\u00eda peleado por el conjunto choricero y el poblano es el mexicano <strong>Ra\u00fal Gudi\u00f1o<\/strong>, quien est\u00e1 buscando acomodo por parte del Porto ya que hasta ahora no cuentan con el ex portero de Chivas en el equipo titular.<\/p>\n<p style=\"text-align: center;\"><span style=\"color: #3366ff;\"><a style=\"color: #3366ff;\" href=\"https:\/\/www.futboltotal.com.mx\/2017\/07\/toluca-pierde-a-talavera-sera-operado-baja-6-meses\/\">VER M\u00c1S: \u00a1Toluca pierde a Talavera! Ser\u00e1 operado y es baja 6 meses<\/a><\/span><\/p>\n<p>Incluso el nombre de<strong> Gudi\u00f1o<\/strong> son\u00f3 para la Eredivisie de Holanda pero los rumores poco a poco han ido desapareciendo, as\u00ed como el portero de\u00a0la foto oficial de los Dragones.<\/p>\n<p>Aunque todav\u00eda ning\u00fan equipo de la<strong> Liga MX<\/strong> se pronuncia al respecto, parece que quien tendr\u00eda m\u00e1s posibilidad de fichar a Gudi\u00f1o es Toluca, pues se confirm\u00f3 que Talavera estar\u00e1 fuera seis meses por la lesi\u00f3n de ligamento cruzado.<\/p>\n<p style=\"text-align: center;\"><span style=\"color: #3366ff;\"><a style=\"color: #3366ff;\" href=\"https:\/\/www.futboltotal.com.mx\/2017\/07\/crack-la-jornada-2-cecilio-dominguez-cecigol\/\">VER M\u00c1S: El Crack de la Jornada 2: Cecilio Dom\u00ednguez, \u2018CeciGol\u2019<\/a><\/span><\/p>\n","protected":false},"excerpt":{"rendered":"<p>El mexicano ser\u00eda opci\u00f3n para regresar a la Liga MX.<\/p>\n","protected":false},"author":20,"featured_media":477476,"comment_status":"closed","ping_status":"closed","sticky":false,"template":"","format":"standard","meta":[],"categories":[2198,3845],"tags":[1617,64,431,5975],"_links":{"self":[{"href":"http:\/\/desarrollo.grupomedios.com\/futbol\/wp-json\/wp\/v2\/posts\/491291"}],"collection":[{"href":"http:\/\/desarrollo.grupomedios.com\/futbol\/wp-json\/wp\/v2\/posts"}],"about":[{"href":"http:\/\/desarrollo.grupomedios.com\/futbol\/wp-json\/wp\/v2\/types\/post"}],"author":[{"embeddable":true,"href":"http:\/\/desarrollo.grupomedios.com\/futbol\/wp-json\/wp\/v2\/users\/20"}],"replies":[{"embeddable":true,"href":"http:\/\/desarrollo.grupomedios.com\/futbol\/wp-json\/wp\/v2\/comments?post=491291"}],"version-history":[{"count":1,"href":"http:\/\/desarrollo.grupomedios.com\/futbol\/wp-json\/wp\/v2\/posts\/491291\/revisions"}],"predecessor-version":[{"id":491298,"href":"http:\/\/desarrollo.grupomedios.com\/futbol\/wp-json\/wp\/v2\/posts\/491291\/revisions\/491298"}],"wp:featuredmedia":[{"embeddable":true,"href":"http:\/\/desarrollo.grupomedios.com\/futbol\/wp-json\/wp\/v2\/media\/477476"}],"wp:attachment":[{"href":"http:\/\/desarrollo.grupomedios.com\/futbol\/wp-json\/wp\/v2\/media?parent=491291"}],"wp:term":[{"taxonomy":"category","embeddable":true,"href":"http:\/\/desarrollo.grupomedios.com\/futbol\/wp-json\/wp\/v2\/categories?post=491291"},{"taxonomy":"post_tag","embeddable":true,"href":"http:\/\/desarrollo.grupomedios.com\/futbol\/wp-json\/wp\/v2\/tags?post=491291"}],"curies":[{"name":"wp","href":"https:\/\/api.w.org\/{rel}","templated":true}]}}