{"id":491300,"date":"2017-07-31T13:53:15","date_gmt":"2017-07-31T18:53:15","guid":{"rendered":"https:\/\/www.futboltotal.com.mx\/?p=491300"},"modified":"2017-07-31T14:44:01","modified_gmt":"2017-07-31T19:44:01","slug":"edson-alvarez-desea-irse-a-europa-siendo-campeon-con-america","status":"publish","type":"post","link":"http:\/\/desarrollo.grupomedios.com\/futbol\/futbol-mexicano\/edson-alvarez-desea-irse-a-europa-siendo-campeon-con-america\/2017\/07","title":{"rendered":"\u00c9dson \u00c1lvarez desea ser campe\u00f3n con Am\u00e9rica antes de irse a Europa"},"content":{"rendered":"<p>Con tan s\u00f3lo 19 a\u00f1os de edad, <strong><a href=\"https:\/\/www.futboltotal.com.mx\/2017\/07\/causa-efecto-edson-alvarez\/\" target=\"_blank\" rel=\"noopener noreferrer\"><span style=\"color: #333399;\">\u00c9dson \u00c1lvare<\/span><\/a>z<\/strong> ya se rob\u00f3 las miradas de diversos clubes europeos que preguntaron por \u00e9l en el reciente mercado de transferencias; sin embargo, su sue\u00f1o europeo tendr\u00e1 que esperar al menos un semestre m\u00e1s.<\/p>\n<p>\u201cS\u00ed hab\u00eda ofertas para m\u00ed, pero ahorita no se pudieron dar. No me queda m\u00e1s que seguir agarrando experiencia. Me encantar\u00eda irme y dejarle un t\u00edtulo a la instituci\u00f3n, a la afici\u00f3n que tanto lo merece. Es cuesti\u00f3n de tiempo, pero ahorita estoy enfocado cien por ciento al club y a seguir jugando y consolid\u00e1dome un poco m\u00e1s\u201d, dijo &#8216;Edsonbahuer&#8217; para R\u00e9cord.<\/p>\n<p style=\"text-align: center;\"><a href=\"https:\/\/www.futboltotal.com.mx\/2017\/07\/dos-clubes-la-liga-mx-estarian-tras-portero-en-europa\/\" target=\"_blank\" rel=\"noopener noreferrer\"><span style=\"color: #333399;\">VER M\u00c1S:\u00a0Dos clubes de la Liga MX estar\u00edan tras Ra\u00fal Gudi\u00f1o<\/span><\/a><\/p>\n<p><a href=\"https:\/\/www.futboltotal.com.mx\/wp-content\/uploads\/2017\/07\/alvarez.jpg\"><img decoding=\"async\" loading=\"lazy\" class=\"size-large wp-image-491302 aligncenter\" src=\"https:\/\/www.futboltotal.com.mx\/wp-content\/uploads\/2017\/07\/alvarez-1024x576.jpg\" alt=\"\u00c9dson \u00c1lvarez desea ser campe\u00f3n con Am\u00e9rica antes de irse a Europa 0\" srcset=\"http:\/\/desarrollo.grupomedios.com\/futbol\/wp-content\/uploads\/2017\/07\/alvarez-1024x576.jpg 1024w, http:\/\/desarrollo.grupomedios.com\/futbol\/wp-content\/uploads\/2017\/07\/alvarez-300x169.jpg 300w, http:\/\/desarrollo.grupomedios.com\/futbol\/wp-content\/uploads\/2017\/07\/alvarez-768x432.jpg 768w, http:\/\/desarrollo.grupomedios.com\/futbol\/wp-content\/uploads\/2017\/07\/alvarez-317x178.jpg 317w, http:\/\/desarrollo.grupomedios.com\/futbol\/wp-content\/uploads\/2017\/07\/alvarez-535x301.jpg 535w, http:\/\/desarrollo.grupomedios.com\/futbol\/wp-content\/uploads\/2017\/07\/alvarez-374x210.jpg 374w, http:\/\/desarrollo.grupomedios.com\/futbol\/wp-content\/uploads\/2017\/07\/alvarez.jpg 1136w\" sizes=\"(max-width: 1024px) 100vw, 1024px\" \/><\/a><\/p>\n<p>Uno de los clubes que pregunt\u00f3 por el canterano americanista fue el <a href=\"https:\/\/www.futboltotal.com.mx\/2017\/07\/cronica-resultado-manchester-city-4-1-real-madrid-international-champions-cup\/\" target=\"_blank\" rel=\"noopener noreferrer\"><strong><span style=\"color: #333399;\">Manchester Cit<\/span>y<\/strong><\/a> de <strong>Pep Guardiola<\/strong>, pero la directiva azulcrema decidi\u00f3 conservar al jugador para que este adquiriera mayor experiencia, raz\u00f3n por la cual blind\u00f3 su carta por encima de los 8 millones de d\u00f3lares, con el fin de que emule lo que hicieran <a href=\"https:\/\/www.futboltotal.com.mx\/2017\/07\/raul-jimenez-benfica-se-despiden-sin-triunfo-en-la-emirates-cup\/\" target=\"_blank\" rel=\"noopener noreferrer\"><span style=\"color: #333399;\"><strong>Ra\u00fal Jim\u00e9nez<\/strong><\/span><\/a> y <a href=\"https:\/\/www.futboltotal.com.mx\/2017\/07\/sstuttgart-prepara-oferta-de-10-millones-de-euros-por-diego-reyes\/\" target=\"_blank\" rel=\"noopener noreferrer\"><span style=\"color: #333399;\"><strong>Diego Reyes<\/strong><\/span><\/a>, quienes se fueron a <strong>Europa<\/strong> siendo campeones de liga.<\/p>\n<p>\u201cSiempre he dicho que hay que estar lo mejor preparado. Creo que el sue\u00f1o de todo futbolista es ir al extranjero y jugar en Europa. Voy a seguir teniendo minutos, agarrando m\u00e1s experiencia y creo que en un futuro puedo estar en Europa\u201d.<\/p>\n<p style=\"text-align: center;\"><a href=\"https:\/\/www.futboltotal.com.mx\/2017\/07\/america-lanza-promocion-de-3-por-1-ante-pumas\/\" target=\"_blank\" rel=\"noopener noreferrer\"><span style=\"color: #333399;\">VER M\u00c1S:\u00a0Am\u00e9rica lanza promoci\u00f3n de 3\u00d71 para el duelo ante Pumas<\/span><\/a><\/p>\n","protected":false},"excerpt":{"rendered":"<p>\u00c9dson \u00c1lvarez quiere cumplir su sue\u00f1o europeo pero primero quiere un t\u00edtulo con Am\u00e9rica<\/p>\n","protected":false},"author":20,"featured_media":491301,"comment_status":"closed","ping_status":"closed","sticky":false,"template":"","format":"standard","meta":[],"categories":[2198,3845],"tags":[5959,6006,7939,742],"_links":{"self":[{"href":"http:\/\/desarrollo.grupomedios.com\/futbol\/wp-json\/wp\/v2\/posts\/491300"}],"collection":[{"href":"http:\/\/desarrollo.grupomedios.com\/futbol\/wp-json\/wp\/v2\/posts"}],"about":[{"href":"http:\/\/desarrollo.grupomedios.com\/futbol\/wp-json\/wp\/v2\/types\/post"}],"author":[{"embeddable":true,"href":"http:\/\/desarrollo.grupomedios.com\/futbol\/wp-json\/wp\/v2\/users\/20"}],"replies":[{"embeddable":true,"href":"http:\/\/desarrollo.grupomedios.com\/futbol\/wp-json\/wp\/v2\/comments?post=491300"}],"version-history":[{"count":1,"href":"http:\/\/desarrollo.grupomedios.com\/futbol\/wp-json\/wp\/v2\/posts\/491300\/revisions"}],"predecessor-version":[{"id":491303,"href":"http:\/\/desarrollo.grupomedios.com\/futbol\/wp-json\/wp\/v2\/posts\/491300\/revisions\/491303"}],"wp:featuredmedia":[{"embeddable":true,"href":"http:\/\/desarrollo.grupomedios.com\/futbol\/wp-json\/wp\/v2\/media\/491301"}],"wp:attachment":[{"href":"http:\/\/desarrollo.grupomedios.com\/futbol\/wp-json\/wp\/v2\/media?parent=491300"}],"wp:term":[{"taxonomy":"category","embeddable":true,"href":"http:\/\/desarrollo.grupomedios.com\/futbol\/wp-json\/wp\/v2\/categories?post=491300"},{"taxonomy":"post_tag","embeddable":true,"href":"http:\/\/desarrollo.grupomedios.com\/futbol\/wp-json\/wp\/v2\/tags?post=491300"}],"curies":[{"name":"wp","href":"https:\/\/api.w.org\/{rel}","templated":true}]}}