{"id":491309,"date":"2017-07-31T14:30:07","date_gmt":"2017-07-31T19:30:07","guid":{"rendered":"https:\/\/www.futboltotal.com.mx\/?p=491309"},"modified":"2017-07-31T14:30:07","modified_gmt":"2017-07-31T19:30:07","slug":"alexis-sanchez-recurriria-al-transfer-request-para-salir-del-arsenal","status":"publish","type":"post","link":"http:\/\/desarrollo.grupomedios.com\/futbol\/futbol-internacional\/alexis-sanchez-recurriria-al-transfer-request-para-salir-del-arsenal\/2017\/07","title":{"rendered":"Alexis S\u00e1nchez recurrir\u00eda a Transfer Request para salir del Arsenal"},"content":{"rendered":"<p><a href=\"https:\/\/www.futboltotal.com.mx\/2017\/07\/arsenal-desconfia-de-alexis-sanchez-y-manda-medico-para-corroborar-enfermedad\/\" target=\"_blank\" rel=\"noopener noreferrer\"><span style=\"color: #333399;\"><strong>Alexis S\u00e1nchez<\/strong><\/span><\/a> viaj\u00f3 este lunes a <strong>Londres<\/strong> para integrarse a los trabajos del<a href=\"https:\/\/www.futboltotal.com.mx\/2017\/07\/arsenal-se-mando-tremendo-ridiculo-colocando-11-jugadores-en-barrera\/\" target=\"_blank\" rel=\"noopener noreferrer\"><span style=\"color: #333399;\"><strong> Arsenal<\/strong><\/span><\/a>, en medio de los rumores que apuntan a su salida de los <em>Gunners<\/em>.<\/p>\n<p>De acuerdo con el Daily Mirror, exjugador del <a href=\"https:\/\/www.futboltotal.com.mx\/2017\/07\/barcelona-demandaria-al-psg-fichan-a-neymar\/\" target=\"_blank\" rel=\"noopener noreferrer\"><span style=\"color: #333399;\"><strong>Barcelona<\/strong><\/span><\/a> recurrir\u00eda al <strong>Transfer Reque<\/strong>st para salir del conjunto londinense y fichar con el <a href=\"https:\/\/www.futboltotal.com.mx\/2017\/07\/cronica-resultado-manchester-city-4-1-real-madrid-international-champions-cup\/\" target=\"_blank\" rel=\"noopener noreferrer\"><span style=\"color: #333399;\"><strong>Manchester City<\/strong><\/span><\/a>, este es un recurso que los futbolistas utilizan cuando quieren salir de un club ing\u00e9s a\u00fan teniendo contrato vigente.<\/p>\n<p style=\"text-align: center;\"><a href=\"https:\/\/www.futboltotal.com.mx\/2017\/07\/motivo-jugadores-colo-colo-salieron-perros-a-la-cancha\/\" target=\"_blank\" rel=\"noopener noreferrer\"><span style=\"color: #333399;\">VER M\u00c1S:\u00a0El motivo por el que jugadores Colo Colo salieron con perros a la cancha<\/span><\/a><\/p>\n<p>Esto es una solicitud de transferencia que pueden realizar los jugadores, tal como en su momento lo hizo <strong><a href=\"https:\/\/www.futboltotal.com.mx\/2017\/05\/xabi-alonso-philipp-lahm-se-despiden-del-futbol-campeones\/\" target=\"_blank\" rel=\"noopener noreferrer\"><span style=\"color: #333399;\">Xabi Alonso<\/span><\/a>, <a href=\"https:\/\/www.futboltotal.com.mx\/2017\/07\/milan-ya-esta-en-platicas-reforzarse-diego-costa\/\" target=\"_blank\" rel=\"noopener noreferrer\"><span style=\"color: #333399;\">Diego Cost<\/span><\/a>a, <a href=\"https:\/\/www.futboltotal.com.mx\/2017\/07\/nino-torres-descarta-cualquier-posibilidad-jugar-en-mexico\/\" target=\"_blank\" rel=\"noopener noreferrer\"><span style=\"color: #333399;\">Fernando Torres<\/span><\/a><\/strong> y <a href=\"https:\/\/www.futboltotal.com.mx\/2017\/07\/la-extrana-razon-por-la-que-mourinho-no-ficho-a-bale-en-el-united\/\" target=\"_blank\" rel=\"noopener noreferrer\"><span style=\"color: #333399;\"><strong>Gareth Bale<\/strong><\/span><\/a>, caso m\u00e1s reciente, quien utiliz\u00f3 este recurso para salir del <strong>Tottenham<\/strong> y fichar con el <strong>Real Madrid.<\/strong><\/p>\n<p>De acuerdo con el medio ingl\u00e9s, el andino planea cerrar su traspaso con lo <em>Citizens<\/em> la pr\u00f3xima semana. Cabe destacar que <strong>S\u00e1nchez<\/strong> no viaj\u00f3 solo a <strong>Londres<\/strong>, ya que lo hizo en compa\u00f1\u00eda de su abogado, <strong>Rub\u00e9n Inostroza<\/strong> y su representante <strong>Fernando Felicevich<\/strong>, por lo que la versi\u00f3n del Daily Mail no suena descabellada.<\/p>\n<p style=\"text-align: center;\"><a href=\"https:\/\/www.futboltotal.com.mx\/2017\/07\/julian-velazquez-fue-operado-con-exito-y-estara-de-vuelta-en-un-mes\/\" target=\"_blank\" rel=\"noopener noreferrer\"><span style=\"color: #333399;\">VER M\u00c1S:\u00a0Jul\u00edan Vel\u00e1zquez fue operado con \u00e9xito y estar\u00e1 de vuelta en un mes<\/span><\/a><\/p>\n<blockquote class=\"instagram-media\" style=\"background: #FFF; border: 0; border-radius: 3px; box-shadow: 0 0 1px 0 rgba(0,0,0,0.5),0 1px 10px 0 rgba(0,0,0,0.15); margin: 1px; max-width: 658px; padding: 0; width: calc(100% - 2px);\" data-instgrm-captioned=\"\" data-instgrm-version=\"7\">\n<div style=\"padding: 8px;\">\n<div style=\"background: #F8F8F8; line-height: 0; margin-top: 40px; padding: 50.0% 0; text-align: center; width: 100%;\"><\/div>\n<p style=\"margin: 8px 0 0 0; padding: 0 4px;\"><a style=\"color: #000; font-family: Arial,sans-serif; font-size: 14px; font-style: normal; font-weight: normal; line-height: 17px; text-decoration: none; word-wrap: break-word;\" href=\"https:\/\/www.instagram.com\/p\/BXN42f-DCLA\/\" target=\"_blank\" rel=\"noopener noreferrer\">PARIS &#8211; LONDRES con mi amigo @alexis_officia1  ALL\u00c1 VAMOS. #VIAJE #EUROPA #LONDON #2017 #HAPPY #LAWYER <\/a><\/p>\n<p style=\"color: #c9c8cd; font-family: Arial,sans-serif; font-size: 14px; line-height: 17px; margin-bottom: 0; margin-top: 8px; overflow: hidden; padding: 8px 0 7px; text-align: center; text-overflow: ellipsis; white-space: nowrap;\">A post shared by Ruben Inostroza Povea (@rubeninostroza) on <time style=\"font-family: Arial,sans-serif; font-size: 14px; line-height: 17px;\" datetime=\"2017-07-31T16:05:13+00:00\">Jul 31, 2017 at 9:05am PDT<\/time><\/p>\n<\/div>\n<\/blockquote>\n<p><script async defer src=\"\/\/platform.instagram.com\/en_US\/embeds.js\"><\/script><\/p>\n","protected":false},"excerpt":{"rendered":"<p>Alexis har\u00e1 hasta lo imposible para fichar con los Citizens<\/p>\n","protected":false},"author":20,"featured_media":488980,"comment_status":"closed","ping_status":"closed","sticky":false,"template":"","format":"standard","meta":[],"categories":[3839,3846],"tags":[6053,6044,5993,9564],"_links":{"self":[{"href":"http:\/\/desarrollo.grupomedios.com\/futbol\/wp-json\/wp\/v2\/posts\/491309"}],"collection":[{"href":"http:\/\/desarrollo.grupomedios.com\/futbol\/wp-json\/wp\/v2\/posts"}],"about":[{"href":"http:\/\/desarrollo.grupomedios.com\/futbol\/wp-json\/wp\/v2\/types\/post"}],"author":[{"embeddable":true,"href":"http:\/\/desarrollo.grupomedios.com\/futbol\/wp-json\/wp\/v2\/users\/20"}],"replies":[{"embeddable":true,"href":"http:\/\/desarrollo.grupomedios.com\/futbol\/wp-json\/wp\/v2\/comments?post=491309"}],"version-history":[{"count":1,"href":"http:\/\/desarrollo.grupomedios.com\/futbol\/wp-json\/wp\/v2\/posts\/491309\/revisions"}],"predecessor-version":[{"id":491310,"href":"http:\/\/desarrollo.grupomedios.com\/futbol\/wp-json\/wp\/v2\/posts\/491309\/revisions\/491310"}],"wp:featuredmedia":[{"embeddable":true,"href":"http:\/\/desarrollo.grupomedios.com\/futbol\/wp-json\/wp\/v2\/media\/488980"}],"wp:attachment":[{"href":"http:\/\/desarrollo.grupomedios.com\/futbol\/wp-json\/wp\/v2\/media?parent=491309"}],"wp:term":[{"taxonomy":"category","embeddable":true,"href":"http:\/\/desarrollo.grupomedios.com\/futbol\/wp-json\/wp\/v2\/categories?post=491309"},{"taxonomy":"post_tag","embeddable":true,"href":"http:\/\/desarrollo.grupomedios.com\/futbol\/wp-json\/wp\/v2\/tags?post=491309"}],"curies":[{"name":"wp","href":"https:\/\/api.w.org\/{rel}","templated":true}]}}