{"id":491346,"date":"2017-07-31T16:47:04","date_gmt":"2017-07-31T21:47:04","guid":{"rendered":"https:\/\/www.futboltotal.com.mx\/?p=491346"},"modified":"2017-07-31T16:47:04","modified_gmt":"2017-07-31T21:47:04","slug":"pachuca-desmiente-reclamos-de-jesus-martinez-al-cuerpo-arbitral","status":"publish","type":"post","link":"http:\/\/desarrollo.grupomedios.com\/futbol\/futbol-mexicano\/pachuca-desmiente-reclamos-de-jesus-martinez-al-cuerpo-arbitral\/2017\/07","title":{"rendered":"Pachuca desmiente reclamos de Jes\u00fas Mart\u00ednez al cuerpo arbitral"},"content":{"rendered":"<p>A trav\u00e9s de un comunicado oficial emitido en sus redes sociales, el <a href=\"https:\/\/www.futboltotal.com.mx\/2017\/07\/te-acuerdas-de-la-final-que-pachuca-le-gano-al-america\/\" target=\"_blank\" rel=\"noopener noreferrer\"><span style=\"color: #333399;\"><strong>Club Pachuca<\/strong><\/span><\/a> desminti\u00f3 que haya existido alg\u00fan tipo de reclamaci\u00f3n por parte de <a href=\"https:\/\/www.futboltotal.com.mx\/2017\/07\/injusta-la-oferta-de-televisa-a-lobos-buap-jesus-martinez\/\" target=\"_blank\" rel=\"noopener noreferrer\"><span style=\"color: #333399;\"><strong>Jes\u00fas Mart\u00ednez<\/strong> <\/span><\/a>al cuerpo arbitral al t\u00e9rmino del encuentro en el que los <em>Tuzos<\/em> sucumbieron ante <a href=\"https:\/\/www.futboltotal.com.mx\/2017\/07\/america-lanza-promocion-de-3-por-1-ante-pumas\/\" target=\"_blank\" rel=\"noopener noreferrer\"><span style=\"color: #333399;\"><strong>Am\u00e9rica<\/strong><\/span><\/a> por 2-0.<\/p>\n<p style=\"text-align: center;\"><a href=\"https:\/\/www.futboltotal.com.mx\/2017\/07\/carlos-salcedo-en-11-ideal-fichajes-la-bundesliga\/\" target=\"_blank\" rel=\"noopener noreferrer\"><span style=\"color: #333399;\">VER M\u00c1S:\u00a0Carlos Salcedo, en el 11 ideal de fichajes de la Bundesliga<\/span><\/a><\/p>\n<p>Los de la <em>Bella Airos<\/em>a dejaron en claro que el presidente del club \u00fanicamente baj\u00f3 a la cancha del <strong>Estadio Hidalgo<\/strong> para saludar a los silbantes, no as\u00ed para recriminarles o increparles.<\/p>\n<p style=\"text-align: center;\"><a href=\"https:\/\/www.futboltotal.com.mx\/2017\/07\/veracruz-filial-merengue-fidel-kuri-se-reune-con-florentino-perez\/\" target=\"_blank\" rel=\"noopener noreferrer\"><span style=\"color: #333399;\">VER M\u00c1S:\u00a0\u00bfVeracruz filial Merengue? Fidel Kuri se reune con Florentino P\u00e9rez<\/span><\/a><\/p>\n<p>Incluso solicitaron que fuera consultado el cuerpo arbitral, encabezado por <strong>C\u00e9sar Arturo Ramos Palazuelos.<\/strong><\/p>\n<p>&nbsp;<\/p>\n<blockquote class=\"twitter-tweet\" data-lang=\"es\">\n<p dir=\"ltr\" lang=\"pt\">Comunicado de prensa: <a href=\"https:\/\/t.co\/oHU0jboNgP\">pic.twitter.com\/oHU0jboNgP<\/a><\/p>\n<p>\u2014 Club Pachuca (@Tuzos) <a href=\"https:\/\/twitter.com\/Tuzos\/status\/892109813446049793\">31 de julio de 2017<\/a><\/p><\/blockquote>\n<p><script async src=\"\/\/platform.twitter.com\/widgets.js\" charset=\"utf-8\"><\/script><\/p>\n","protected":false},"excerpt":{"rendered":"<p>Pachuca aclar\u00f3 los rumores y pidi\u00f3 que se consulte al cuerpo arbitral<\/p>\n","protected":false},"author":20,"featured_media":491347,"comment_status":"closed","ping_status":"closed","sticky":false,"template":"","format":"standard","meta":[],"categories":[2198,3845],"tags":[5959,9567,654,5968],"_links":{"self":[{"href":"http:\/\/desarrollo.grupomedios.com\/futbol\/wp-json\/wp\/v2\/posts\/491346"}],"collection":[{"href":"http:\/\/desarrollo.grupomedios.com\/futbol\/wp-json\/wp\/v2\/posts"}],"about":[{"href":"http:\/\/desarrollo.grupomedios.com\/futbol\/wp-json\/wp\/v2\/types\/post"}],"author":[{"embeddable":true,"href":"http:\/\/desarrollo.grupomedios.com\/futbol\/wp-json\/wp\/v2\/users\/20"}],"replies":[{"embeddable":true,"href":"http:\/\/desarrollo.grupomedios.com\/futbol\/wp-json\/wp\/v2\/comments?post=491346"}],"version-history":[{"count":1,"href":"http:\/\/desarrollo.grupomedios.com\/futbol\/wp-json\/wp\/v2\/posts\/491346\/revisions"}],"predecessor-version":[{"id":491348,"href":"http:\/\/desarrollo.grupomedios.com\/futbol\/wp-json\/wp\/v2\/posts\/491346\/revisions\/491348"}],"wp:featuredmedia":[{"embeddable":true,"href":"http:\/\/desarrollo.grupomedios.com\/futbol\/wp-json\/wp\/v2\/media\/491347"}],"wp:attachment":[{"href":"http:\/\/desarrollo.grupomedios.com\/futbol\/wp-json\/wp\/v2\/media?parent=491346"}],"wp:term":[{"taxonomy":"category","embeddable":true,"href":"http:\/\/desarrollo.grupomedios.com\/futbol\/wp-json\/wp\/v2\/categories?post=491346"},{"taxonomy":"post_tag","embeddable":true,"href":"http:\/\/desarrollo.grupomedios.com\/futbol\/wp-json\/wp\/v2\/tags?post=491346"}],"curies":[{"name":"wp","href":"https:\/\/api.w.org\/{rel}","templated":true}]}}