{"id":491358,"date":"2017-07-31T17:34:51","date_gmt":"2017-07-31T22:34:51","guid":{"rendered":"https:\/\/www.futboltotal.com.mx\/?p=491358"},"modified":"2017-07-31T17:34:51","modified_gmt":"2017-07-31T22:34:51","slug":"cristina-ferral-ficha-con-el-olympique-de-marsella","status":"publish","type":"post","link":"http:\/\/desarrollo.grupomedios.com\/futbol\/destacado-home\/cristina-ferral-ficha-con-el-olympique-de-marsella\/2017\/07","title":{"rendered":"\u00a1Orgullo mexicano! Cristina Ferral ficha con el Olympique de Marsella"},"content":{"rendered":"<p>La seleccionada mexicana, <strong>Cristina Ferral<\/strong>, se convirti\u00f3 en la primera futbolista mexicana en fichar con el <strong>Olympique de Marsella<\/strong>. La centrocampista de 24 a\u00f1os de edad, hizo oficial su fichaje con el conjunto galo para la pr\u00f3xima temporada a trav\u00e9s de sus redes sociales.<\/p>\n<p style=\"text-align: center;\"><a href=\"https:\/\/www.futboltotal.com.mx\/2017\/07\/carrizo-ha-sido-titular-goleadas-en-sub-20\/\" target=\"_blank\" rel=\"noopener noreferrer\"><span style=\"color: #333399;\">VER M\u00c1S:\u00a0Carrizo sin titularidad en Rayados \u00bfpor goleadas en Sub-20?<\/span><\/a><\/p>\n<p>\u201cEsto es un resultado de un trabajo de equipo, no solo es un logro para mi. Con ellas he crecido y madurado en muchas cosas\u201d, public\u00f3 la exjugadora de la <strong>University of South Florida<\/strong> y del <strong>Tec de Monterrey.<\/strong><\/p>\n<p><strong>Ferral<\/strong> fue mundialista Sub-17 en 2010 y medallista de plata de la Universidad Mundial Kazan 2013, y se unir\u00e1 en Europa a <strong>Charlyn Corral<\/strong> (Espa\u00f1a), <strong>Stephany Mayor<\/strong> (Islandia), <strong>Bianca Sierra<\/strong> (Islandia), <strong>Greta Espinoza<\/strong> (Espa\u00f1a), entre algunas otras.<\/p>\n<p style=\"text-align: center;\"><a href=\"https:\/\/www.futboltotal.com.mx\/2017\/07\/isamel-sosa-podria-reaparecer-esta-semana-con-tigres\/\" target=\"_blank\" rel=\"noopener noreferrer\"><span style=\"color: #333399;\">VER M\u00c1S:\u00a0Ismael Sosa podr\u00eda reaparecer esta semana con Tigres<\/span><\/a><\/p>\n<p>El conjunto franc\u00e9s volvi\u00f3 a crear un equipo femenil para la campa\u00f1a 2011-12 y consigui\u00f3 el ascenso a la <strong>Primera Divisi\u00f3n<\/strong> en la 2016-17.<\/p>\n<p>&nbsp;<\/p>\n<blockquote class=\"twitter-video\" data-lang=\"es\">\n<p dir=\"ltr\" lang=\"en\">To all my friends, family, <a href=\"https:\/\/twitter.com\/mktjersey\">@mktjersey<\/a>, teammates at <a href=\"https:\/\/twitter.com\/USFWSOC\">@USFWSOC<\/a>, <a href=\"https:\/\/twitter.com\/BorregosMty\">@BorregosMty<\/a> and <a href=\"https:\/\/twitter.com\/miseleccionmx\">@miseleccionmx<\/a>; THANK YOU! <a href=\"https:\/\/twitter.com\/OMfeminines\">@OMfeminines<\/a> <a href=\"https:\/\/twitter.com\/hashtag\/TeamOM?src=hash\">#TeamOM<\/a> \u26bd\ufe0f\u26aa\ufe0f\u24c2\ufe0f <a href=\"https:\/\/t.co\/fzi6vN2Gbu\">pic.twitter.com\/fzi6vN2Gbu<\/a><\/p>\n<p>\u2014 Cristina Ferral (@cristinaferral) <a href=\"https:\/\/twitter.com\/cristinaferral\/status\/892073492681703425\">31 de julio de 2017<\/a><\/p><\/blockquote>\n<p><script async src=\"\/\/platform.twitter.com\/widgets.js\" charset=\"utf-8\"><\/script><\/p>\n","protected":false},"excerpt":{"rendered":"<p>\u00a1Felicidades para Cristina Ferral! La primera mexicana que fichar con un equipo franc\u00e9s<\/p>\n","protected":false},"author":20,"featured_media":491361,"comment_status":"closed","ping_status":"closed","sticky":false,"template":"","format":"standard","meta":[],"categories":[5,3839,6718],"tags":[9568,7469],"_links":{"self":[{"href":"http:\/\/desarrollo.grupomedios.com\/futbol\/wp-json\/wp\/v2\/posts\/491358"}],"collection":[{"href":"http:\/\/desarrollo.grupomedios.com\/futbol\/wp-json\/wp\/v2\/posts"}],"about":[{"href":"http:\/\/desarrollo.grupomedios.com\/futbol\/wp-json\/wp\/v2\/types\/post"}],"author":[{"embeddable":true,"href":"http:\/\/desarrollo.grupomedios.com\/futbol\/wp-json\/wp\/v2\/users\/20"}],"replies":[{"embeddable":true,"href":"http:\/\/desarrollo.grupomedios.com\/futbol\/wp-json\/wp\/v2\/comments?post=491358"}],"version-history":[{"count":2,"href":"http:\/\/desarrollo.grupomedios.com\/futbol\/wp-json\/wp\/v2\/posts\/491358\/revisions"}],"predecessor-version":[{"id":491363,"href":"http:\/\/desarrollo.grupomedios.com\/futbol\/wp-json\/wp\/v2\/posts\/491358\/revisions\/491363"}],"wp:featuredmedia":[{"embeddable":true,"href":"http:\/\/desarrollo.grupomedios.com\/futbol\/wp-json\/wp\/v2\/media\/491361"}],"wp:attachment":[{"href":"http:\/\/desarrollo.grupomedios.com\/futbol\/wp-json\/wp\/v2\/media?parent=491358"}],"wp:term":[{"taxonomy":"category","embeddable":true,"href":"http:\/\/desarrollo.grupomedios.com\/futbol\/wp-json\/wp\/v2\/categories?post=491358"},{"taxonomy":"post_tag","embeddable":true,"href":"http:\/\/desarrollo.grupomedios.com\/futbol\/wp-json\/wp\/v2\/tags?post=491358"}],"curies":[{"name":"wp","href":"https:\/\/api.w.org\/{rel}","templated":true}]}}