{"id":491359,"date":"2017-07-31T17:31:13","date_gmt":"2017-07-31T22:31:13","guid":{"rendered":"https:\/\/www.futboltotal.com.mx\/?p=491359"},"modified":"2017-07-31T17:31:13","modified_gmt":"2017-07-31T22:31:13","slug":"elias-ayub-candidateo-a-hijo-nuevo-refuerzo-del-real-madrid","status":"publish","type":"post","link":"http:\/\/desarrollo.grupomedios.com\/futbol\/futbol-mexicano\/elias-ayub-candidateo-a-hijo-nuevo-refuerzo-del-real-madrid\/2017\/07","title":{"rendered":"El\u00edas Ayub candidate\u00f3 a su hijo como nuevo &#8216;refuerzo&#8217; del Real Madrid"},"content":{"rendered":"<p>El empresario <strong>Arturo El\u00edas Ayub<\/strong>, se dio el gusto de viajar con su familia a Estados Unidos para disfrutar del partido de pretemporada que ofrecieron<strong> Real Madrid<\/strong> y <strong>Barcelona<\/strong> en Miami.<\/p>\n<p>El conjunto <em>Merengue<\/em> perdi\u00f3 3-2 ante los <em>Blaugranas<\/em> en el partido amistoso previo al arranque de la Liga en Espa\u00f1a.<strong> Ayub<\/strong> y su hijo mayor, tambi\u00e9n de nombre Arturo, se encontraron en el estadio a Florentino P\u00e9rez, Presidente del conjunto blanco y quien tambi\u00e9n est\u00e1 en la gira del equipo dirigido por Zinedine Zidane.<\/p>\n<p>Aqu\u00ed la foto del encuentro, donde de paso muy fiel a su estilo, <strong>Ayub<\/strong> no dej\u00f3 pasar la oportunidad de cadidatear a su primog\u00e9nito con el presidente, ya que se le dan los dotes bajo la porter\u00eda.<\/p>\n<p style=\"text-align: center;\"><span style=\"color: #3366ff;\"><a style=\"color: #3366ff;\" href=\"https:\/\/www.futboltotal.com.mx\/2017\/07\/america-lanza-promocion-de-3-por-1-ante-pumas\/\">VER M\u00c1S: Am\u00e9rica lanza promoci\u00f3n de 3\u00d71 para duelo ante Pumas<\/a><\/span><\/p>\n<blockquote class=\"instagram-media\" style=\"background: #FFF; border: 0; border-radius: 3px; box-shadow: 0 0 1px 0 rgba(0,0,0,0.5),0 1px 10px 0 rgba(0,0,0,0.15); margin: 1px; max-width: 658px; padding: 0; width: calc(100% - 2px);\" data-instgrm-captioned=\"\" data-instgrm-version=\"7\">\n<div style=\"padding: 8px;\">\n<div style=\"background: #F8F8F8; line-height: 0; margin-top: 40px; padding: 50.0% 0; text-align: center; width: 100%;\"><\/div>\n<p style=\"margin: 8px 0 0 0; padding: 0 4px;\"><a style=\"color: #000; font-family: Arial,sans-serif; font-size: 14px; font-style: normal; font-weight: normal; line-height: 17px; text-decoration: none; word-wrap: break-word;\" href=\"https:\/\/www.instagram.com\/p\/BXL3qo_nWVz\/\" target=\"_blank\" rel=\"noopener noreferrer\">Con el Presi Florentino y el posible nuevo portero del #realmadrid @artur_elias \u26bd\ufe0f<\/a><\/p>\n<p style=\"color: #c9c8cd; font-family: Arial,sans-serif; font-size: 14px; line-height: 17px; margin-bottom: 0; margin-top: 8px; overflow: hidden; padding: 8px 0 7px; text-align: center; text-overflow: ellipsis; white-space: nowrap;\">Una publicaci\u00f3n compartida de Arturo Elias Ayub (@arturoelias) el <time style=\"font-family: Arial,sans-serif; font-size: 14px; line-height: 17px;\" datetime=\"2017-07-30T21:16:23+00:00\">30 de Jul de 2017 a la(s) 2:16 PDT<\/time><\/p>\n<\/div>\n<\/blockquote>\n<p><script async defer src=\"\/\/platform.instagram.com\/en_US\/embeds.js\"><\/script><\/p>\n","protected":false},"excerpt":{"rendered":"<p>El empresario se encontr\u00f3 con Florentino P\u00e9rez en el estadio.<\/p>\n","protected":false},"author":20,"featured_media":450433,"comment_status":"closed","ping_status":"closed","sticky":false,"template":"","format":"standard","meta":[],"categories":[5419,2198,3844],"tags":[1789,5460,6214,5988],"_links":{"self":[{"href":"http:\/\/desarrollo.grupomedios.com\/futbol\/wp-json\/wp\/v2\/posts\/491359"}],"collection":[{"href":"http:\/\/desarrollo.grupomedios.com\/futbol\/wp-json\/wp\/v2\/posts"}],"about":[{"href":"http:\/\/desarrollo.grupomedios.com\/futbol\/wp-json\/wp\/v2\/types\/post"}],"author":[{"embeddable":true,"href":"http:\/\/desarrollo.grupomedios.com\/futbol\/wp-json\/wp\/v2\/users\/20"}],"replies":[{"embeddable":true,"href":"http:\/\/desarrollo.grupomedios.com\/futbol\/wp-json\/wp\/v2\/comments?post=491359"}],"version-history":[{"count":1,"href":"http:\/\/desarrollo.grupomedios.com\/futbol\/wp-json\/wp\/v2\/posts\/491359\/revisions"}],"predecessor-version":[{"id":491360,"href":"http:\/\/desarrollo.grupomedios.com\/futbol\/wp-json\/wp\/v2\/posts\/491359\/revisions\/491360"}],"wp:featuredmedia":[{"embeddable":true,"href":"http:\/\/desarrollo.grupomedios.com\/futbol\/wp-json\/wp\/v2\/media\/450433"}],"wp:attachment":[{"href":"http:\/\/desarrollo.grupomedios.com\/futbol\/wp-json\/wp\/v2\/media?parent=491359"}],"wp:term":[{"taxonomy":"category","embeddable":true,"href":"http:\/\/desarrollo.grupomedios.com\/futbol\/wp-json\/wp\/v2\/categories?post=491359"},{"taxonomy":"post_tag","embeddable":true,"href":"http:\/\/desarrollo.grupomedios.com\/futbol\/wp-json\/wp\/v2\/tags?post=491359"}],"curies":[{"name":"wp","href":"https:\/\/api.w.org\/{rel}","templated":true}]}}